{"id":137,"date":"2022-02-21T11:41:22","date_gmt":"2022-02-21T11:41:22","guid":{"rendered":"https:\/\/new.alfergestion.com\/?p=137"},"modified":"2023-04-07T01:09:16","modified_gmt":"2023-04-07T01:09:16","slug":"reclam-plusvalia","status":"publish","type":"post","link":"https:\/\/www.alfergestion.com\/en\/reclam-plusvalia\/","title":{"rendered":"El Tribunal Supremo abre la puerta para reclamar contra plusval\u00edas y 720"},"content":{"rendered":"<p>El Tribunal Supremo permite al contribuyente impugnar liquidaciones fiscales firmes, como las cobradas por cuotas de plusval\u00eda (IIVTNU) o sanciones del modelo 720. Lo hace en sentencia que reconoce al contribuyente el derecho a incoar el inicio del procedimiento de revocaci\u00f3n, que la Administraci\u00f3n debiera iniciar de oficio, pero cuya incoaci\u00f3n hasta el momento se arrogaba en exclusiva.<\/p>\n<p>&nbsp;<\/p>\n<p>Ahora deber\u00e1 cumplir a petici\u00f3n del interesado, permitiendo recuperar estos cobros que deben ser declarados nulos, ya que fueron realizados y adquirieron firmeza en infracci\u00f3n manifiesta de ley. Debe recordarse que, respecto del Modelo 720, la Comisi\u00f3n Europea llevaba advirtiendo a Espa\u00f1a desde 2017 sobre lo abusivo del sistema, sin que nada se hiciera desde Ejecutivo o Legislativo para adaptar el r\u00e9gimen al derecho comunitario.<\/p>\n<p>&nbsp;<\/p>\n<p><a href=\"http:\/\/new.alfergestion.com\/wp-content\/uploads\/2023\/04\/2022-02-18-Reclam.-sanciones-720-y-plusvalia.pdf\" target=\"_blank\" rel=\"noopener\">\u2192 Ver noticia en Expansi\u00f3n<\/a><\/p>\n","protected":false},"excerpt":{"rendered":"<p>El Tribunal Supremo permite al contribuyente impugnar liquidaciones fiscales firmes, como las cobradas por cuotas de plusval\u00eda (IIVTNU) o sanciones del modelo 720. Lo hace en sentencia que reconoce al contribuyente el derecho a incoar el inicio del procedimiento de revocaci\u00f3n, que la Administraci\u00f3n debiera iniciar de oficio, pero cuya incoaci\u00f3n hasta el momento se &hellip; <a href=\"https:\/\/www.alfergestion.com\/en\/reclam-plusvalia\/\" class=\"more-link\">Continue reading<span class=\"screen-reader-text\"> \u00abEl Tribunal Supremo abre la puerta para reclamar contra plusval\u00edas y 720\u00bb<\/span><\/a><\/p>\n","protected":false},"author":1,"featured_media":374,"comment_status":"open","ping_status":"open","sticky":false,"template":"","format":"standard","meta":{"_acf_changed":false,"footnotes":""},"categories":[7,4,1],"tags":[],"class_list":["post-137","post","type-post","status-publish","format-standard","has-post-thumbnail","hentry","category-actualidad","category-fiscal","category-noticias"],"acf":[],"yoast_head":"<!-- This site is optimized with the Yoast SEO plugin v27.5 - https:\/\/yoast.com\/product\/yoast-seo-wordpress\/ -->\n<title>El Tribunal Supremo abre la puerta para reclamar contra plusval\u00edas y 720 -<\/title>\n<meta name=\"robots\" content=\"index, follow, max-snippet:-1, max-image-preview:large, max-video-preview:-1\" \/>\n<link rel=\"canonical\" href=\"https:\/\/www.alfergestion.com\/en\/reclam-plusvalia\/\" \/>\n<meta property=\"og:locale\" content=\"es_ES\" \/>\n<meta property=\"og:type\" content=\"article\" \/>\n<meta property=\"og:title\" content=\"El Tribunal Supremo abre la puerta para reclamar contra plusval\u00edas y 720 -\" \/>\n<meta property=\"og:description\" content=\"El Tribunal Supremo permite al contribuyente impugnar liquidaciones fiscales firmes, como las cobradas por cuotas de plusval\u00eda (IIVTNU) o sanciones del modelo 720. Lo hace en sentencia que reconoce al contribuyente el derecho a incoar el inicio del procedimiento de revocaci\u00f3n, que la Administraci\u00f3n debiera iniciar de oficio, pero cuya incoaci\u00f3n hasta el momento se &hellip; Continue reading &quot;El Tribunal Supremo abre la puerta para reclamar contra plusval\u00edas y 720&quot;\" \/>\n<meta property=\"og:url\" content=\"https:\/\/www.alfergestion.com\/en\/reclam-plusvalia\/\" \/>\n<meta property=\"article:publisher\" content=\"https:\/\/www.facebook.com\/alfergestion\" \/>\n<meta property=\"article:published_time\" content=\"2022-02-21T11:41:22+00:00\" \/>\n<meta property=\"article:modified_time\" content=\"2023-04-07T01:09:16+00:00\" \/>\n<meta property=\"og:image\" content=\"https:\/\/www.alfergestion.com\/en\/wp-content\/uploads\/2023\/04\/Reclamacion-plusvalias.jpg\" \/>\n\t<meta property=\"og:image:width\" content=\"960\" \/>\n\t<meta property=\"og:image:height\" content=\"480\" \/>\n\t<meta property=\"og:image:type\" content=\"image\/jpeg\" \/>\n<meta name=\"author\" content=\"alferadmin\" \/>\n<meta name=\"twitter:card\" content=\"summary_large_image\" \/>\n<meta name=\"twitter:creator\" content=\"@alfergestion\" \/>\n<meta name=\"twitter:site\" content=\"@alfergestion\" \/>\n<meta name=\"twitter:label1\" content=\"Escrito por\" \/>\n\t<meta name=\"twitter:data1\" content=\"alferadmin\" \/>\n\t<meta name=\"twitter:label2\" content=\"Tiempo de lectura\" \/>\n\t<meta name=\"twitter:data2\" content=\"1 minuto\" \/>\n<script type=\"application\/ld+json\" class=\"yoast-schema-graph\">{\"@context\":\"https:\\\/\\\/schema.org\",\"@graph\":[{\"@type\":\"Article\",\"@id\":\"https:\\\/\\\/www.alfergestion.com\\\/en\\\/reclam-plusvalia\\\/#article\",\"isPartOf\":{\"@id\":\"https:\\\/\\\/www.alfergestion.com\\\/en\\\/reclam-plusvalia\\\/\"},\"author\":{\"name\":\"alferadmin\",\"@id\":\"https:\\\/\\\/www.alfergestion.com\\\/en\\\/#\\\/schema\\\/person\\\/d3f322bf29ae439b372d4e705af4ae89\"},\"headline\":\"El Tribunal Supremo abre la puerta para reclamar contra plusval\u00edas y 720\",\"datePublished\":\"2022-02-21T11:41:22+00:00\",\"dateModified\":\"2023-04-07T01:09:16+00:00\",\"mainEntityOfPage\":{\"@id\":\"https:\\\/\\\/www.alfergestion.com\\\/en\\\/reclam-plusvalia\\\/\"},\"wordCount\":148,\"commentCount\":0,\"publisher\":{\"@id\":\"https:\\\/\\\/www.alfergestion.com\\\/en\\\/#organization\"},\"image\":{\"@id\":\"https:\\\/\\\/www.alfergestion.com\\\/en\\\/reclam-plusvalia\\\/#primaryimage\"},\"thumbnailUrl\":\"https:\\\/\\\/www.alfergestion.com\\\/en\\\/wp-content\\\/uploads\\\/2023\\\/04\\\/Reclamacion-plusvalias.jpg\",\"articleSection\":[\"Actualidad\",\"Fiscal\",\"Noticias\"],\"inLanguage\":\"es\",\"potentialAction\":[{\"@type\":\"CommentAction\",\"name\":\"Comment\",\"target\":[\"https:\\\/\\\/www.alfergestion.com\\\/en\\\/reclam-plusvalia\\\/#respond\"]}]},{\"@type\":\"WebPage\",\"@id\":\"https:\\\/\\\/www.alfergestion.com\\\/en\\\/reclam-plusvalia\\\/\",\"url\":\"https:\\\/\\\/www.alfergestion.com\\\/en\\\/reclam-plusvalia\\\/\",\"name\":\"El Tribunal Supremo abre la puerta para reclamar contra plusval\u00edas y 720 -\",\"isPartOf\":{\"@id\":\"https:\\\/\\\/www.alfergestion.com\\\/en\\\/#website\"},\"primaryImageOfPage\":{\"@id\":\"https:\\\/\\\/www.alfergestion.com\\\/en\\\/reclam-plusvalia\\\/#primaryimage\"},\"image\":{\"@id\":\"https:\\\/\\\/www.alfergestion.com\\\/en\\\/reclam-plusvalia\\\/#primaryimage\"},\"thumbnailUrl\":\"https:\\\/\\\/www.alfergestion.com\\\/en\\\/wp-content\\\/uploads\\\/2023\\\/04\\\/Reclamacion-plusvalias.jpg\",\"datePublished\":\"2022-02-21T11:41:22+00:00\",\"dateModified\":\"2023-04-07T01:09:16+00:00\",\"breadcrumb\":{\"@id\":\"https:\\\/\\\/www.alfergestion.com\\\/en\\\/reclam-plusvalia\\\/#breadcrumb\"},\"inLanguage\":\"es\",\"potentialAction\":[{\"@type\":\"ReadAction\",\"target\":[\"https:\\\/\\\/www.alfergestion.com\\\/en\\\/reclam-plusvalia\\\/\"]}]},{\"@type\":\"ImageObject\",\"inLanguage\":\"es\",\"@id\":\"https:\\\/\\\/www.alfergestion.com\\\/en\\\/reclam-plusvalia\\\/#primaryimage\",\"url\":\"https:\\\/\\\/www.alfergestion.com\\\/en\\\/wp-content\\\/uploads\\\/2023\\\/04\\\/Reclamacion-plusvalias.jpg\",\"contentUrl\":\"https:\\\/\\\/www.alfergestion.com\\\/en\\\/wp-content\\\/uploads\\\/2023\\\/04\\\/Reclamacion-plusvalias.jpg\",\"width\":960,\"height\":480},{\"@type\":\"BreadcrumbList\",\"@id\":\"https:\\\/\\\/www.alfergestion.com\\\/en\\\/reclam-plusvalia\\\/#breadcrumb\",\"itemListElement\":[{\"@type\":\"ListItem\",\"position\":1,\"name\":\"Portada\",\"item\":\"https:\\\/\\\/www.alfergestion.com\\\/en\\\/\"},{\"@type\":\"ListItem\",\"position\":2,\"name\":\"El Tribunal Supremo abre la puerta para reclamar contra plusval\u00edas y 720\"}]},{\"@type\":\"WebSite\",\"@id\":\"https:\\\/\\\/www.alfergestion.com\\\/en\\\/#website\",\"url\":\"https:\\\/\\\/www.alfergestion.com\\\/en\\\/\",\"name\":\"ALFER GESTION\",\"description\":\"asesoramiento integral a particulares, aut\u00f3nomos, pymes y empresas, mediante una atenci\u00f3n personalizada y eficiente a nuestros clientes.\",\"publisher\":{\"@id\":\"https:\\\/\\\/www.alfergestion.com\\\/en\\\/#organization\"},\"potentialAction\":[{\"@type\":\"SearchAction\",\"target\":{\"@type\":\"EntryPoint\",\"urlTemplate\":\"https:\\\/\\\/www.alfergestion.com\\\/en\\\/?s={search_term_string}\"},\"query-input\":{\"@type\":\"PropertyValueSpecification\",\"valueRequired\":true,\"valueName\":\"search_term_string\"}}],\"inLanguage\":\"es\"},{\"@type\":\"Organization\",\"@id\":\"https:\\\/\\\/www.alfergestion.com\\\/en\\\/#organization\",\"name\":\"ALFER GESTION\",\"url\":\"https:\\\/\\\/www.alfergestion.com\\\/en\\\/\",\"logo\":{\"@type\":\"ImageObject\",\"inLanguage\":\"es\",\"@id\":\"https:\\\/\\\/www.alfergestion.com\\\/en\\\/#\\\/schema\\\/logo\\\/image\\\/\",\"url\":\"https:\\\/\\\/www.alfergestion.com\\\/en\\\/wp-content\\\/uploads\\\/2023\\\/02\\\/alferGestion-logo.jpg\",\"contentUrl\":\"https:\\\/\\\/www.alfergestion.com\\\/en\\\/wp-content\\\/uploads\\\/2023\\\/02\\\/alferGestion-logo.jpg\",\"width\":141,\"height\":68,\"caption\":\"ALFER GESTION\"},\"image\":{\"@id\":\"https:\\\/\\\/www.alfergestion.com\\\/en\\\/#\\\/schema\\\/logo\\\/image\\\/\"},\"sameAs\":[\"https:\\\/\\\/www.facebook.com\\\/alfergestion\",\"https:\\\/\\\/x.com\\\/alfergestion\",\"https:\\\/\\\/www.linkedin.com\\\/company\\\/alfer-gestion\\\/\",\"https:\\\/\\\/www.instagram.com\\\/alfergestion\\\/\"]},{\"@type\":\"Person\",\"@id\":\"https:\\\/\\\/www.alfergestion.com\\\/en\\\/#\\\/schema\\\/person\\\/d3f322bf29ae439b372d4e705af4ae89\",\"name\":\"alferadmin\",\"image\":{\"@type\":\"ImageObject\",\"inLanguage\":\"es\",\"@id\":\"https:\\\/\\\/secure.gravatar.com\\\/avatar\\\/68e47f947b7f0f36522078aa6f917ca42807fa3fc361e79365243458d832b1aa?s=96&d=mm&r=g\",\"url\":\"https:\\\/\\\/secure.gravatar.com\\\/avatar\\\/68e47f947b7f0f36522078aa6f917ca42807fa3fc361e79365243458d832b1aa?s=96&d=mm&r=g\",\"contentUrl\":\"https:\\\/\\\/secure.gravatar.com\\\/avatar\\\/68e47f947b7f0f36522078aa6f917ca42807fa3fc361e79365243458d832b1aa?s=96&d=mm&r=g\",\"caption\":\"alferadmin\"},\"sameAs\":[\"http:\\\/\\\/new.alfergestion.com\"],\"url\":\"https:\\\/\\\/www.alfergestion.com\\\/en\\\/author\\\/alferadmin\\\/\"}]}<\/script>\n<!-- \/ Yoast SEO plugin. -->","yoast_head_json":{"title":"El Tribunal Supremo abre la puerta para reclamar contra plusval\u00edas y 720 -","robots":{"index":"index","follow":"follow","max-snippet":"max-snippet:-1","max-image-preview":"max-image-preview:large","max-video-preview":"max-video-preview:-1"},"canonical":"https:\/\/www.alfergestion.com\/en\/reclam-plusvalia\/","og_locale":"es_ES","og_type":"article","og_title":"El Tribunal Supremo abre la puerta para reclamar contra plusval\u00edas y 720 -","og_description":"El Tribunal Supremo permite al contribuyente impugnar liquidaciones fiscales firmes, como las cobradas por cuotas de plusval\u00eda (IIVTNU) o sanciones del modelo 720. Lo hace en sentencia que reconoce al contribuyente el derecho a incoar el inicio del procedimiento de revocaci\u00f3n, que la Administraci\u00f3n debiera iniciar de oficio, pero cuya incoaci\u00f3n hasta el momento se &hellip; Continue reading \"El Tribunal Supremo abre la puerta para reclamar contra plusval\u00edas y 720\"","og_url":"https:\/\/www.alfergestion.com\/en\/reclam-plusvalia\/","article_publisher":"https:\/\/www.facebook.com\/alfergestion","article_published_time":"2022-02-21T11:41:22+00:00","article_modified_time":"2023-04-07T01:09:16+00:00","og_image":[{"width":960,"height":480,"url":"https:\/\/www.alfergestion.com\/en\/wp-content\/uploads\/2023\/04\/Reclamacion-plusvalias.jpg","type":"image\/jpeg"}],"author":"alferadmin","twitter_card":"summary_large_image","twitter_creator":"@alfergestion","twitter_site":"@alfergestion","twitter_misc":{"Escrito por":"alferadmin","Tiempo de lectura":"1 minuto"},"schema":{"@context":"https:\/\/schema.org","@graph":[{"@type":"Article","@id":"https:\/\/www.alfergestion.com\/en\/reclam-plusvalia\/#article","isPartOf":{"@id":"https:\/\/www.alfergestion.com\/en\/reclam-plusvalia\/"},"author":{"name":"alferadmin","@id":"https:\/\/www.alfergestion.com\/en\/#\/schema\/person\/d3f322bf29ae439b372d4e705af4ae89"},"headline":"El Tribunal Supremo abre la puerta para reclamar contra plusval\u00edas y 720","datePublished":"2022-02-21T11:41:22+00:00","dateModified":"2023-04-07T01:09:16+00:00","mainEntityOfPage":{"@id":"https:\/\/www.alfergestion.com\/en\/reclam-plusvalia\/"},"wordCount":148,"commentCount":0,"publisher":{"@id":"https:\/\/www.alfergestion.com\/en\/#organization"},"image":{"@id":"https:\/\/www.alfergestion.com\/en\/reclam-plusvalia\/#primaryimage"},"thumbnailUrl":"https:\/\/www.alfergestion.com\/en\/wp-content\/uploads\/2023\/04\/Reclamacion-plusvalias.jpg","articleSection":["Actualidad","Fiscal","Noticias"],"inLanguage":"es","potentialAction":[{"@type":"CommentAction","name":"Comment","target":["https:\/\/www.alfergestion.com\/en\/reclam-plusvalia\/#respond"]}]},{"@type":"WebPage","@id":"https:\/\/www.alfergestion.com\/en\/reclam-plusvalia\/","url":"https:\/\/www.alfergestion.com\/en\/reclam-plusvalia\/","name":"El Tribunal Supremo abre la puerta para reclamar contra plusval\u00edas y 720 -","isPartOf":{"@id":"https:\/\/www.alfergestion.com\/en\/#website"},"primaryImageOfPage":{"@id":"https:\/\/www.alfergestion.com\/en\/reclam-plusvalia\/#primaryimage"},"image":{"@id":"https:\/\/www.alfergestion.com\/en\/reclam-plusvalia\/#primaryimage"},"thumbnailUrl":"https:\/\/www.alfergestion.com\/en\/wp-content\/uploads\/2023\/04\/Reclamacion-plusvalias.jpg","datePublished":"2022-02-21T11:41:22+00:00","dateModified":"2023-04-07T01:09:16+00:00","breadcrumb":{"@id":"https:\/\/www.alfergestion.com\/en\/reclam-plusvalia\/#breadcrumb"},"inLanguage":"es","potentialAction":[{"@type":"ReadAction","target":["https:\/\/www.alfergestion.com\/en\/reclam-plusvalia\/"]}]},{"@type":"ImageObject","inLanguage":"es","@id":"https:\/\/www.alfergestion.com\/en\/reclam-plusvalia\/#primaryimage","url":"https:\/\/www.alfergestion.com\/en\/wp-content\/uploads\/2023\/04\/Reclamacion-plusvalias.jpg","contentUrl":"https:\/\/www.alfergestion.com\/en\/wp-content\/uploads\/2023\/04\/Reclamacion-plusvalias.jpg","width":960,"height":480},{"@type":"BreadcrumbList","@id":"https:\/\/www.alfergestion.com\/en\/reclam-plusvalia\/#breadcrumb","itemListElement":[{"@type":"ListItem","position":1,"name":"Portada","item":"https:\/\/www.alfergestion.com\/en\/"},{"@type":"ListItem","position":2,"name":"El Tribunal Supremo abre la puerta para reclamar contra plusval\u00edas y 720"}]},{"@type":"WebSite","@id":"https:\/\/www.alfergestion.com\/en\/#website","url":"https:\/\/www.alfergestion.com\/en\/","name":"ALFER GESTION","description":"asesoramiento integral a particulares, aut\u00f3nomos, pymes y empresas, mediante una atenci\u00f3n personalizada y eficiente a nuestros clientes.","publisher":{"@id":"https:\/\/www.alfergestion.com\/en\/#organization"},"potentialAction":[{"@type":"SearchAction","target":{"@type":"EntryPoint","urlTemplate":"https:\/\/www.alfergestion.com\/en\/?s={search_term_string}"},"query-input":{"@type":"PropertyValueSpecification","valueRequired":true,"valueName":"search_term_string"}}],"inLanguage":"es"},{"@type":"Organization","@id":"https:\/\/www.alfergestion.com\/en\/#organization","name":"ALFER GESTION","url":"https:\/\/www.alfergestion.com\/en\/","logo":{"@type":"ImageObject","inLanguage":"es","@id":"https:\/\/www.alfergestion.com\/en\/#\/schema\/logo\/image\/","url":"https:\/\/www.alfergestion.com\/en\/wp-content\/uploads\/2023\/02\/alferGestion-logo.jpg","contentUrl":"https:\/\/www.alfergestion.com\/en\/wp-content\/uploads\/2023\/02\/alferGestion-logo.jpg","width":141,"height":68,"caption":"ALFER GESTION"},"image":{"@id":"https:\/\/www.alfergestion.com\/en\/#\/schema\/logo\/image\/"},"sameAs":["https:\/\/www.facebook.com\/alfergestion","https:\/\/x.com\/alfergestion","https:\/\/www.linkedin.com\/company\/alfer-gestion\/","https:\/\/www.instagram.com\/alfergestion\/"]},{"@type":"Person","@id":"https:\/\/www.alfergestion.com\/en\/#\/schema\/person\/d3f322bf29ae439b372d4e705af4ae89","name":"alferadmin","image":{"@type":"ImageObject","inLanguage":"es","@id":"https:\/\/secure.gravatar.com\/avatar\/68e47f947b7f0f36522078aa6f917ca42807fa3fc361e79365243458d832b1aa?s=96&d=mm&r=g","url":"https:\/\/secure.gravatar.com\/avatar\/68e47f947b7f0f36522078aa6f917ca42807fa3fc361e79365243458d832b1aa?s=96&d=mm&r=g","contentUrl":"https:\/\/secure.gravatar.com\/avatar\/68e47f947b7f0f36522078aa6f917ca42807fa3fc361e79365243458d832b1aa?s=96&d=mm&r=g","caption":"alferadmin"},"sameAs":["http:\/\/new.alfergestion.com"],"url":"https:\/\/www.alfergestion.com\/en\/author\/alferadmin\/"}]}},"_links":{"self":[{"href":"https:\/\/www.alfergestion.com\/en\/wp-json\/wp\/v2\/posts\/137","targetHints":{"allow":["GET"]}}],"collection":[{"href":"https:\/\/www.alfergestion.com\/en\/wp-json\/wp\/v2\/posts"}],"about":[{"href":"https:\/\/www.alfergestion.com\/en\/wp-json\/wp\/v2\/types\/post"}],"author":[{"embeddable":true,"href":"https:\/\/www.alfergestion.com\/en\/wp-json\/wp\/v2\/users\/1"}],"replies":[{"embeddable":true,"href":"https:\/\/www.alfergestion.com\/en\/wp-json\/wp\/v2\/comments?post=137"}],"version-history":[{"count":4,"href":"https:\/\/www.alfergestion.com\/en\/wp-json\/wp\/v2\/posts\/137\/revisions"}],"predecessor-version":[{"id":314,"href":"https:\/\/www.alfergestion.com\/en\/wp-json\/wp\/v2\/posts\/137\/revisions\/314"}],"wp:featuredmedia":[{"embeddable":true,"href":"https:\/\/www.alfergestion.com\/en\/wp-json\/wp\/v2\/media\/374"}],"wp:attachment":[{"href":"https:\/\/www.alfergestion.com\/en\/wp-json\/wp\/v2\/media?parent=137"}],"wp:term":[{"taxonomy":"category","embeddable":true,"href":"https:\/\/www.alfergestion.com\/en\/wp-json\/wp\/v2\/categories?post=137"},{"taxonomy":"post_tag","embeddable":true,"href":"https:\/\/www.alfergestion.com\/en\/wp-json\/wp\/v2\/tags?post=137"}],"curies":[{"name":"wp","href":"https:\/\/api.w.org\/{rel}","templated":true}]}}