{"id":140,"date":"2022-03-31T11:41:44","date_gmt":"2022-03-31T11:41:44","guid":{"rendered":"https:\/\/new.alfergestion.com\/?p=140"},"modified":"2023-04-07T01:12:00","modified_gmt":"2023-04-07T01:12:00","slug":"plan-choque","status":"publish","type":"post","link":"https:\/\/www.alfergestion.com\/en\/plan-choque\/","title":{"rendered":"Plan de choque.."},"content":{"rendered":"<p>Ayer se public\u00f3 en el BOE el Real Decreto-ley 6\/2022, de 29 de marzo, del denominado \u00abPlan Nacional de Respuesta a la Consecuencias Econ\u00f3micas y Sociales de la Guerra en Ucrania\u00bb, que contiene ayudas directas y rebajas fiscales por 6.000 millones de euros, as\u00ed como un nuevo lote de cr\u00e9ditos avalados por el Instituto de Cr\u00e9dito Oficial (ICO) por 10.000 millones m\u00e1s que podr\u00e1n solicitarse hasta final de este a\u00f1o. El paquete, que entrar\u00e1 en vigor ma\u00f1ana, tendr\u00e1 vigencia hasta el 30 de junio.<\/p>\n<p>&nbsp;<\/p>\n<p>Adem\u00e1s de bonificar con car\u00e1cter general los combustibles, se establecen ayudas directas a las empresas de los sectores m\u00e1s afectados, como los de transporte, agrario, pesquero, a las industrias intensivas en gas y electricidad, se prorrogan el bono social y las rebajas fiscales a la electricidad, se incrementa el IMV, y tambi\u00e9n se limita el incremento en la actualizaci\u00f3n de los arrendamientos de vivienda, top\u00e1ndolos al 2% del \u00cdndice de Garant\u00eda de Competitividad (IGC), y se proh\u00edbe el despido objetivo a las empresas beneficiarias de las ayudas.<\/p>\n<p>&nbsp;<\/p>\n<p>En diciembre no hab\u00eda guerra, y el IPC ya lleg\u00f3 al 6,5%. En febrero alcanza el 7,6% y subiendo, la inflaci\u00f3n est\u00e1 desbocada\u2026, \u00bfcontra qu\u00e9 chocaremos?<\/p>\n<p>&nbsp;<\/p>\n<p><a title=\"\" href=\"http:\/\/new.alfergestion.com\/wp-content\/uploads\/2023\/02\/2022-03-30-RDL-IPC-y-Ucrania.pdf\" target=\"_blank\" rel=\"noopener\">\u2192 Ver texto completo Real Decreto ley 6\/2022<\/a><\/p>\n","protected":false},"excerpt":{"rendered":"<p>Ayer se public\u00f3 en el BOE el Real Decreto-ley 6\/2022, de 29 de marzo, del denominado \u00abPlan Nacional de Respuesta a la Consecuencias Econ\u00f3micas y Sociales de la Guerra en Ucrania\u00bb, que contiene ayudas directas y rebajas fiscales por 6.000 millones de euros, as\u00ed como un nuevo lote de cr\u00e9ditos avalados por el Instituto de &hellip; <a href=\"https:\/\/www.alfergestion.com\/en\/plan-choque\/\" class=\"more-link\">Continue reading<span class=\"screen-reader-text\"> \u00abPlan de choque..\u00bb<\/span><\/a><\/p>\n","protected":false},"author":1,"featured_media":370,"comment_status":"open","ping_status":"open","sticky":false,"template":"","format":"standard","meta":{"_acf_changed":false,"footnotes":""},"categories":[4,1],"tags":[],"class_list":["post-140","post","type-post","status-publish","format-standard","has-post-thumbnail","hentry","category-fiscal","category-noticias"],"acf":[],"yoast_head":"<!-- This site is optimized with the Yoast SEO plugin v27.5 - https:\/\/yoast.com\/product\/yoast-seo-wordpress\/ -->\n<title>Plan de choque.. -<\/title>\n<meta name=\"robots\" content=\"index, follow, max-snippet:-1, max-image-preview:large, max-video-preview:-1\" \/>\n<link rel=\"canonical\" href=\"https:\/\/www.alfergestion.com\/en\/plan-choque\/\" \/>\n<meta property=\"og:locale\" content=\"es_ES\" \/>\n<meta property=\"og:type\" content=\"article\" \/>\n<meta property=\"og:title\" content=\"Plan de choque.. -\" \/>\n<meta property=\"og:description\" content=\"Ayer se public\u00f3 en el BOE el Real Decreto-ley 6\/2022, de 29 de marzo, del denominado \u00abPlan Nacional de Respuesta a la Consecuencias Econ\u00f3micas y Sociales de la Guerra en Ucrania\u00bb, que contiene ayudas directas y rebajas fiscales por 6.000 millones de euros, as\u00ed como un nuevo lote de cr\u00e9ditos avalados por el Instituto de &hellip; Continue reading &quot;Plan de choque..&quot;\" \/>\n<meta property=\"og:url\" content=\"https:\/\/www.alfergestion.com\/en\/plan-choque\/\" \/>\n<meta property=\"article:publisher\" content=\"https:\/\/www.facebook.com\/alfergestion\" \/>\n<meta property=\"article:published_time\" content=\"2022-03-31T11:41:44+00:00\" \/>\n<meta property=\"article:modified_time\" content=\"2023-04-07T01:12:00+00:00\" \/>\n<meta property=\"og:image\" content=\"https:\/\/www.alfergestion.com\/en\/wp-content\/uploads\/2023\/04\/Plan-Choque.jpg\" \/>\n\t<meta property=\"og:image:width\" content=\"960\" \/>\n\t<meta property=\"og:image:height\" content=\"480\" \/>\n\t<meta property=\"og:image:type\" content=\"image\/jpeg\" \/>\n<meta name=\"author\" content=\"alferadmin\" \/>\n<meta name=\"twitter:card\" content=\"summary_large_image\" \/>\n<meta name=\"twitter:creator\" content=\"@alfergestion\" \/>\n<meta name=\"twitter:site\" content=\"@alfergestion\" \/>\n<meta name=\"twitter:label1\" content=\"Escrito por\" \/>\n\t<meta name=\"twitter:data1\" content=\"alferadmin\" \/>\n\t<meta name=\"twitter:label2\" content=\"Tiempo de lectura\" \/>\n\t<meta name=\"twitter:data2\" content=\"1 minuto\" \/>\n<script type=\"application\/ld+json\" class=\"yoast-schema-graph\">{\"@context\":\"https:\\\/\\\/schema.org\",\"@graph\":[{\"@type\":\"Article\",\"@id\":\"https:\\\/\\\/www.alfergestion.com\\\/en\\\/plan-choque\\\/#article\",\"isPartOf\":{\"@id\":\"https:\\\/\\\/www.alfergestion.com\\\/en\\\/plan-choque\\\/\"},\"author\":{\"name\":\"alferadmin\",\"@id\":\"https:\\\/\\\/www.alfergestion.com\\\/en\\\/#\\\/schema\\\/person\\\/d3f322bf29ae439b372d4e705af4ae89\"},\"headline\":\"Plan de choque..\",\"datePublished\":\"2022-03-31T11:41:44+00:00\",\"dateModified\":\"2023-04-07T01:12:00+00:00\",\"mainEntityOfPage\":{\"@id\":\"https:\\\/\\\/www.alfergestion.com\\\/en\\\/plan-choque\\\/\"},\"wordCount\":218,\"commentCount\":1,\"publisher\":{\"@id\":\"https:\\\/\\\/www.alfergestion.com\\\/en\\\/#organization\"},\"image\":{\"@id\":\"https:\\\/\\\/www.alfergestion.com\\\/en\\\/plan-choque\\\/#primaryimage\"},\"thumbnailUrl\":\"https:\\\/\\\/www.alfergestion.com\\\/en\\\/wp-content\\\/uploads\\\/2023\\\/04\\\/Plan-Choque.jpg\",\"articleSection\":[\"Fiscal\",\"Noticias\"],\"inLanguage\":\"es\",\"potentialAction\":[{\"@type\":\"CommentAction\",\"name\":\"Comment\",\"target\":[\"https:\\\/\\\/www.alfergestion.com\\\/en\\\/plan-choque\\\/#respond\"]}]},{\"@type\":\"WebPage\",\"@id\":\"https:\\\/\\\/www.alfergestion.com\\\/en\\\/plan-choque\\\/\",\"url\":\"https:\\\/\\\/www.alfergestion.com\\\/en\\\/plan-choque\\\/\",\"name\":\"Plan de choque.. -\",\"isPartOf\":{\"@id\":\"https:\\\/\\\/www.alfergestion.com\\\/en\\\/#website\"},\"primaryImageOfPage\":{\"@id\":\"https:\\\/\\\/www.alfergestion.com\\\/en\\\/plan-choque\\\/#primaryimage\"},\"image\":{\"@id\":\"https:\\\/\\\/www.alfergestion.com\\\/en\\\/plan-choque\\\/#primaryimage\"},\"thumbnailUrl\":\"https:\\\/\\\/www.alfergestion.com\\\/en\\\/wp-content\\\/uploads\\\/2023\\\/04\\\/Plan-Choque.jpg\",\"datePublished\":\"2022-03-31T11:41:44+00:00\",\"dateModified\":\"2023-04-07T01:12:00+00:00\",\"breadcrumb\":{\"@id\":\"https:\\\/\\\/www.alfergestion.com\\\/en\\\/plan-choque\\\/#breadcrumb\"},\"inLanguage\":\"es\",\"potentialAction\":[{\"@type\":\"ReadAction\",\"target\":[\"https:\\\/\\\/www.alfergestion.com\\\/en\\\/plan-choque\\\/\"]}]},{\"@type\":\"ImageObject\",\"inLanguage\":\"es\",\"@id\":\"https:\\\/\\\/www.alfergestion.com\\\/en\\\/plan-choque\\\/#primaryimage\",\"url\":\"https:\\\/\\\/www.alfergestion.com\\\/en\\\/wp-content\\\/uploads\\\/2023\\\/04\\\/Plan-Choque.jpg\",\"contentUrl\":\"https:\\\/\\\/www.alfergestion.com\\\/en\\\/wp-content\\\/uploads\\\/2023\\\/04\\\/Plan-Choque.jpg\",\"width\":960,\"height\":480},{\"@type\":\"BreadcrumbList\",\"@id\":\"https:\\\/\\\/www.alfergestion.com\\\/en\\\/plan-choque\\\/#breadcrumb\",\"itemListElement\":[{\"@type\":\"ListItem\",\"position\":1,\"name\":\"Portada\",\"item\":\"https:\\\/\\\/www.alfergestion.com\\\/en\\\/\"},{\"@type\":\"ListItem\",\"position\":2,\"name\":\"Plan de choque..\"}]},{\"@type\":\"WebSite\",\"@id\":\"https:\\\/\\\/www.alfergestion.com\\\/en\\\/#website\",\"url\":\"https:\\\/\\\/www.alfergestion.com\\\/en\\\/\",\"name\":\"ALFER GESTION\",\"description\":\"asesoramiento integral a particulares, aut\u00f3nomos, pymes y empresas, mediante una atenci\u00f3n personalizada y eficiente a nuestros clientes.\",\"publisher\":{\"@id\":\"https:\\\/\\\/www.alfergestion.com\\\/en\\\/#organization\"},\"potentialAction\":[{\"@type\":\"SearchAction\",\"target\":{\"@type\":\"EntryPoint\",\"urlTemplate\":\"https:\\\/\\\/www.alfergestion.com\\\/en\\\/?s={search_term_string}\"},\"query-input\":{\"@type\":\"PropertyValueSpecification\",\"valueRequired\":true,\"valueName\":\"search_term_string\"}}],\"inLanguage\":\"es\"},{\"@type\":\"Organization\",\"@id\":\"https:\\\/\\\/www.alfergestion.com\\\/en\\\/#organization\",\"name\":\"ALFER GESTION\",\"url\":\"https:\\\/\\\/www.alfergestion.com\\\/en\\\/\",\"logo\":{\"@type\":\"ImageObject\",\"inLanguage\":\"es\",\"@id\":\"https:\\\/\\\/www.alfergestion.com\\\/en\\\/#\\\/schema\\\/logo\\\/image\\\/\",\"url\":\"https:\\\/\\\/www.alfergestion.com\\\/en\\\/wp-content\\\/uploads\\\/2023\\\/02\\\/alferGestion-logo.jpg\",\"contentUrl\":\"https:\\\/\\\/www.alfergestion.com\\\/en\\\/wp-content\\\/uploads\\\/2023\\\/02\\\/alferGestion-logo.jpg\",\"width\":141,\"height\":68,\"caption\":\"ALFER GESTION\"},\"image\":{\"@id\":\"https:\\\/\\\/www.alfergestion.com\\\/en\\\/#\\\/schema\\\/logo\\\/image\\\/\"},\"sameAs\":[\"https:\\\/\\\/www.facebook.com\\\/alfergestion\",\"https:\\\/\\\/x.com\\\/alfergestion\",\"https:\\\/\\\/www.linkedin.com\\\/company\\\/alfer-gestion\\\/\",\"https:\\\/\\\/www.instagram.com\\\/alfergestion\\\/\"]},{\"@type\":\"Person\",\"@id\":\"https:\\\/\\\/www.alfergestion.com\\\/en\\\/#\\\/schema\\\/person\\\/d3f322bf29ae439b372d4e705af4ae89\",\"name\":\"alferadmin\",\"image\":{\"@type\":\"ImageObject\",\"inLanguage\":\"es\",\"@id\":\"https:\\\/\\\/secure.gravatar.com\\\/avatar\\\/68e47f947b7f0f36522078aa6f917ca42807fa3fc361e79365243458d832b1aa?s=96&d=mm&r=g\",\"url\":\"https:\\\/\\\/secure.gravatar.com\\\/avatar\\\/68e47f947b7f0f36522078aa6f917ca42807fa3fc361e79365243458d832b1aa?s=96&d=mm&r=g\",\"contentUrl\":\"https:\\\/\\\/secure.gravatar.com\\\/avatar\\\/68e47f947b7f0f36522078aa6f917ca42807fa3fc361e79365243458d832b1aa?s=96&d=mm&r=g\",\"caption\":\"alferadmin\"},\"sameAs\":[\"http:\\\/\\\/new.alfergestion.com\"],\"url\":\"https:\\\/\\\/www.alfergestion.com\\\/en\\\/author\\\/alferadmin\\\/\"}]}<\/script>\n<!-- \/ Yoast SEO plugin. -->","yoast_head_json":{"title":"Plan de choque.. -","robots":{"index":"index","follow":"follow","max-snippet":"max-snippet:-1","max-image-preview":"max-image-preview:large","max-video-preview":"max-video-preview:-1"},"canonical":"https:\/\/www.alfergestion.com\/en\/plan-choque\/","og_locale":"es_ES","og_type":"article","og_title":"Plan de choque.. -","og_description":"Ayer se public\u00f3 en el BOE el Real Decreto-ley 6\/2022, de 29 de marzo, del denominado \u00abPlan Nacional de Respuesta a la Consecuencias Econ\u00f3micas y Sociales de la Guerra en Ucrania\u00bb, que contiene ayudas directas y rebajas fiscales por 6.000 millones de euros, as\u00ed como un nuevo lote de cr\u00e9ditos avalados por el Instituto de &hellip; Continue reading \"Plan de choque..\"","og_url":"https:\/\/www.alfergestion.com\/en\/plan-choque\/","article_publisher":"https:\/\/www.facebook.com\/alfergestion","article_published_time":"2022-03-31T11:41:44+00:00","article_modified_time":"2023-04-07T01:12:00+00:00","og_image":[{"width":960,"height":480,"url":"https:\/\/www.alfergestion.com\/en\/wp-content\/uploads\/2023\/04\/Plan-Choque.jpg","type":"image\/jpeg"}],"author":"alferadmin","twitter_card":"summary_large_image","twitter_creator":"@alfergestion","twitter_site":"@alfergestion","twitter_misc":{"Escrito por":"alferadmin","Tiempo de lectura":"1 minuto"},"schema":{"@context":"https:\/\/schema.org","@graph":[{"@type":"Article","@id":"https:\/\/www.alfergestion.com\/en\/plan-choque\/#article","isPartOf":{"@id":"https:\/\/www.alfergestion.com\/en\/plan-choque\/"},"author":{"name":"alferadmin","@id":"https:\/\/www.alfergestion.com\/en\/#\/schema\/person\/d3f322bf29ae439b372d4e705af4ae89"},"headline":"Plan de choque..","datePublished":"2022-03-31T11:41:44+00:00","dateModified":"2023-04-07T01:12:00+00:00","mainEntityOfPage":{"@id":"https:\/\/www.alfergestion.com\/en\/plan-choque\/"},"wordCount":218,"commentCount":1,"publisher":{"@id":"https:\/\/www.alfergestion.com\/en\/#organization"},"image":{"@id":"https:\/\/www.alfergestion.com\/en\/plan-choque\/#primaryimage"},"thumbnailUrl":"https:\/\/www.alfergestion.com\/en\/wp-content\/uploads\/2023\/04\/Plan-Choque.jpg","articleSection":["Fiscal","Noticias"],"inLanguage":"es","potentialAction":[{"@type":"CommentAction","name":"Comment","target":["https:\/\/www.alfergestion.com\/en\/plan-choque\/#respond"]}]},{"@type":"WebPage","@id":"https:\/\/www.alfergestion.com\/en\/plan-choque\/","url":"https:\/\/www.alfergestion.com\/en\/plan-choque\/","name":"Plan de choque.. -","isPartOf":{"@id":"https:\/\/www.alfergestion.com\/en\/#website"},"primaryImageOfPage":{"@id":"https:\/\/www.alfergestion.com\/en\/plan-choque\/#primaryimage"},"image":{"@id":"https:\/\/www.alfergestion.com\/en\/plan-choque\/#primaryimage"},"thumbnailUrl":"https:\/\/www.alfergestion.com\/en\/wp-content\/uploads\/2023\/04\/Plan-Choque.jpg","datePublished":"2022-03-31T11:41:44+00:00","dateModified":"2023-04-07T01:12:00+00:00","breadcrumb":{"@id":"https:\/\/www.alfergestion.com\/en\/plan-choque\/#breadcrumb"},"inLanguage":"es","potentialAction":[{"@type":"ReadAction","target":["https:\/\/www.alfergestion.com\/en\/plan-choque\/"]}]},{"@type":"ImageObject","inLanguage":"es","@id":"https:\/\/www.alfergestion.com\/en\/plan-choque\/#primaryimage","url":"https:\/\/www.alfergestion.com\/en\/wp-content\/uploads\/2023\/04\/Plan-Choque.jpg","contentUrl":"https:\/\/www.alfergestion.com\/en\/wp-content\/uploads\/2023\/04\/Plan-Choque.jpg","width":960,"height":480},{"@type":"BreadcrumbList","@id":"https:\/\/www.alfergestion.com\/en\/plan-choque\/#breadcrumb","itemListElement":[{"@type":"ListItem","position":1,"name":"Portada","item":"https:\/\/www.alfergestion.com\/en\/"},{"@type":"ListItem","position":2,"name":"Plan de choque.."}]},{"@type":"WebSite","@id":"https:\/\/www.alfergestion.com\/en\/#website","url":"https:\/\/www.alfergestion.com\/en\/","name":"ALFER GESTION","description":"asesoramiento integral a particulares, aut\u00f3nomos, pymes y empresas, mediante una atenci\u00f3n personalizada y eficiente a nuestros clientes.","publisher":{"@id":"https:\/\/www.alfergestion.com\/en\/#organization"},"potentialAction":[{"@type":"SearchAction","target":{"@type":"EntryPoint","urlTemplate":"https:\/\/www.alfergestion.com\/en\/?s={search_term_string}"},"query-input":{"@type":"PropertyValueSpecification","valueRequired":true,"valueName":"search_term_string"}}],"inLanguage":"es"},{"@type":"Organization","@id":"https:\/\/www.alfergestion.com\/en\/#organization","name":"ALFER GESTION","url":"https:\/\/www.alfergestion.com\/en\/","logo":{"@type":"ImageObject","inLanguage":"es","@id":"https:\/\/www.alfergestion.com\/en\/#\/schema\/logo\/image\/","url":"https:\/\/www.alfergestion.com\/en\/wp-content\/uploads\/2023\/02\/alferGestion-logo.jpg","contentUrl":"https:\/\/www.alfergestion.com\/en\/wp-content\/uploads\/2023\/02\/alferGestion-logo.jpg","width":141,"height":68,"caption":"ALFER GESTION"},"image":{"@id":"https:\/\/www.alfergestion.com\/en\/#\/schema\/logo\/image\/"},"sameAs":["https:\/\/www.facebook.com\/alfergestion","https:\/\/x.com\/alfergestion","https:\/\/www.linkedin.com\/company\/alfer-gestion\/","https:\/\/www.instagram.com\/alfergestion\/"]},{"@type":"Person","@id":"https:\/\/www.alfergestion.com\/en\/#\/schema\/person\/d3f322bf29ae439b372d4e705af4ae89","name":"alferadmin","image":{"@type":"ImageObject","inLanguage":"es","@id":"https:\/\/secure.gravatar.com\/avatar\/68e47f947b7f0f36522078aa6f917ca42807fa3fc361e79365243458d832b1aa?s=96&d=mm&r=g","url":"https:\/\/secure.gravatar.com\/avatar\/68e47f947b7f0f36522078aa6f917ca42807fa3fc361e79365243458d832b1aa?s=96&d=mm&r=g","contentUrl":"https:\/\/secure.gravatar.com\/avatar\/68e47f947b7f0f36522078aa6f917ca42807fa3fc361e79365243458d832b1aa?s=96&d=mm&r=g","caption":"alferadmin"},"sameAs":["http:\/\/new.alfergestion.com"],"url":"https:\/\/www.alfergestion.com\/en\/author\/alferadmin\/"}]}},"_links":{"self":[{"href":"https:\/\/www.alfergestion.com\/en\/wp-json\/wp\/v2\/posts\/140","targetHints":{"allow":["GET"]}}],"collection":[{"href":"https:\/\/www.alfergestion.com\/en\/wp-json\/wp\/v2\/posts"}],"about":[{"href":"https:\/\/www.alfergestion.com\/en\/wp-json\/wp\/v2\/types\/post"}],"author":[{"embeddable":true,"href":"https:\/\/www.alfergestion.com\/en\/wp-json\/wp\/v2\/users\/1"}],"replies":[{"embeddable":true,"href":"https:\/\/www.alfergestion.com\/en\/wp-json\/wp\/v2\/comments?post=140"}],"version-history":[{"count":6,"href":"https:\/\/www.alfergestion.com\/en\/wp-json\/wp\/v2\/posts\/140\/revisions"}],"predecessor-version":[{"id":313,"href":"https:\/\/www.alfergestion.com\/en\/wp-json\/wp\/v2\/posts\/140\/revisions\/313"}],"wp:featuredmedia":[{"embeddable":true,"href":"https:\/\/www.alfergestion.com\/en\/wp-json\/wp\/v2\/media\/370"}],"wp:attachment":[{"href":"https:\/\/www.alfergestion.com\/en\/wp-json\/wp\/v2\/media?parent=140"}],"wp:term":[{"taxonomy":"category","embeddable":true,"href":"https:\/\/www.alfergestion.com\/en\/wp-json\/wp\/v2\/categories?post=140"},{"taxonomy":"post_tag","embeddable":true,"href":"https:\/\/www.alfergestion.com\/en\/wp-json\/wp\/v2\/tags?post=140"}],"curies":[{"name":"wp","href":"https:\/\/api.w.org\/{rel}","templated":true}]}}