{"id":143,"date":"2022-06-17T11:42:11","date_gmt":"2022-06-17T11:42:11","guid":{"rendered":"https:\/\/new.alfergestion.com\/?p=143"},"modified":"2023-04-07T01:21:25","modified_gmt":"2023-04-07T01:21:25","slug":"rozas-cup-futbol-alevin","status":"publish","type":"post","link":"https:\/\/www.alfergestion.com\/en\/rozas-cup-futbol-alevin\/","title":{"rendered":"Las Rozas CUP &#8211; Torneo Futbol 11 Alev\u00edn &#8211; 17-19 junio &#8211; Campo Navalcarb\u00f3n"},"content":{"rendered":"<p>Desde hoy 17 de junio al 19 de junio, se celebra Las Rozas CUP Torneo F\u00fatbol 11 Alev\u00edn en el campo de Navalcarb\u00f3n, con el patrocinio de Alfer Gesti\u00f3n y otras empresas a este torneo del C.F. Las Rozas, de \u00e1mbito nacional, mostrando nuestro apoyo al deporte de base.<\/p>\n<p>&nbsp;<\/p>\n<p>Tambi\u00e9n queremos informaros que el 50% de la recaudaci\u00f3n en taquilla ir\u00e1 destinada a Fundaci\u00f3n Aladina.<\/p>\n<p>&nbsp;<\/p>\n<p><img decoding=\"async\" src=\"https:\/\/www.alfergestion.com\/images\/Cartel-Movil.jpg\" \/><\/p>\n","protected":false},"excerpt":{"rendered":"<p>Desde hoy 17 de junio al 19 de junio, se celebra Las Rozas CUP Torneo F\u00fatbol 11 Alev\u00edn en el campo de Navalcarb\u00f3n, con el patrocinio de Alfer Gesti\u00f3n y otras empresas a este torneo del C.F. Las Rozas, de \u00e1mbito nacional, mostrando nuestro apoyo al deporte de base. &nbsp; Tambi\u00e9n queremos informaros que el &hellip; <a href=\"https:\/\/www.alfergestion.com\/en\/rozas-cup-futbol-alevin\/\" class=\"more-link\">Continue reading<span class=\"screen-reader-text\"> \u00abLas Rozas CUP &#8211; Torneo Futbol 11 Alev\u00edn &#8211; 17-19 junio &#8211; Campo Navalcarb\u00f3n\u00bb<\/span><\/a><\/p>\n","protected":false},"author":1,"featured_media":380,"comment_status":"open","ping_status":"open","sticky":false,"template":"","format":"standard","meta":{"_acf_changed":false,"footnotes":""},"categories":[7,1],"tags":[],"class_list":["post-143","post","type-post","status-publish","format-standard","has-post-thumbnail","hentry","category-actualidad","category-noticias"],"acf":[],"yoast_head":"<!-- This site is optimized with the Yoast SEO plugin v27.5 - https:\/\/yoast.com\/product\/yoast-seo-wordpress\/ -->\n<title>Las Rozas CUP - Torneo Futbol 11 Alev\u00edn - 17-19 junio - Campo Navalcarb\u00f3n -<\/title>\n<meta name=\"robots\" content=\"index, follow, max-snippet:-1, max-image-preview:large, max-video-preview:-1\" \/>\n<link rel=\"canonical\" href=\"https:\/\/www.alfergestion.com\/en\/rozas-cup-futbol-alevin\/\" \/>\n<meta property=\"og:locale\" content=\"es_ES\" \/>\n<meta property=\"og:type\" content=\"article\" \/>\n<meta property=\"og:title\" content=\"Las Rozas CUP - Torneo Futbol 11 Alev\u00edn - 17-19 junio - Campo Navalcarb\u00f3n -\" \/>\n<meta property=\"og:description\" content=\"Desde hoy 17 de junio al 19 de junio, se celebra Las Rozas CUP Torneo F\u00fatbol 11 Alev\u00edn en el campo de Navalcarb\u00f3n, con el patrocinio de Alfer Gesti\u00f3n y otras empresas a este torneo del C.F. Las Rozas, de \u00e1mbito nacional, mostrando nuestro apoyo al deporte de base. &nbsp; Tambi\u00e9n queremos informaros que el &hellip; Continue reading &quot;Las Rozas CUP &#8211; Torneo Futbol 11 Alev\u00edn &#8211; 17-19 junio &#8211; Campo Navalcarb\u00f3n&quot;\" \/>\n<meta property=\"og:url\" content=\"https:\/\/www.alfergestion.com\/en\/rozas-cup-futbol-alevin\/\" \/>\n<meta property=\"article:publisher\" content=\"https:\/\/www.facebook.com\/alfergestion\" \/>\n<meta property=\"article:published_time\" content=\"2022-06-17T11:42:11+00:00\" \/>\n<meta property=\"article:modified_time\" content=\"2023-04-07T01:21:25+00:00\" \/>\n<meta property=\"og:image\" content=\"https:\/\/www.alfergestion.com\/en\/wp-content\/uploads\/2023\/04\/Rozas-Cup-2022.jpg\" \/>\n\t<meta property=\"og:image:width\" content=\"1080\" \/>\n\t<meta property=\"og:image:height\" content=\"1564\" \/>\n\t<meta property=\"og:image:type\" content=\"image\/jpeg\" \/>\n<meta name=\"author\" content=\"alferadmin\" \/>\n<meta name=\"twitter:card\" content=\"summary_large_image\" \/>\n<meta name=\"twitter:creator\" content=\"@alfergestion\" \/>\n<meta name=\"twitter:site\" content=\"@alfergestion\" \/>\n<meta name=\"twitter:label1\" content=\"Escrito por\" \/>\n\t<meta name=\"twitter:data1\" content=\"alferadmin\" \/>\n\t<meta name=\"twitter:label2\" content=\"Tiempo de lectura\" \/>\n\t<meta name=\"twitter:data2\" content=\"1 minuto\" \/>\n<script type=\"application\/ld+json\" class=\"yoast-schema-graph\">{\"@context\":\"https:\\\/\\\/schema.org\",\"@graph\":[{\"@type\":\"Article\",\"@id\":\"https:\\\/\\\/www.alfergestion.com\\\/en\\\/rozas-cup-futbol-alevin\\\/#article\",\"isPartOf\":{\"@id\":\"https:\\\/\\\/www.alfergestion.com\\\/en\\\/rozas-cup-futbol-alevin\\\/\"},\"author\":{\"name\":\"alferadmin\",\"@id\":\"https:\\\/\\\/www.alfergestion.com\\\/en\\\/#\\\/schema\\\/person\\\/d3f322bf29ae439b372d4e705af4ae89\"},\"headline\":\"Las Rozas CUP &#8211; Torneo Futbol 11 Alev\u00edn &#8211; 17-19 junio &#8211; Campo Navalcarb\u00f3n\",\"datePublished\":\"2022-06-17T11:42:11+00:00\",\"dateModified\":\"2023-04-07T01:21:25+00:00\",\"mainEntityOfPage\":{\"@id\":\"https:\\\/\\\/www.alfergestion.com\\\/en\\\/rozas-cup-futbol-alevin\\\/\"},\"wordCount\":86,\"commentCount\":0,\"publisher\":{\"@id\":\"https:\\\/\\\/www.alfergestion.com\\\/en\\\/#organization\"},\"image\":{\"@id\":\"https:\\\/\\\/www.alfergestion.com\\\/en\\\/rozas-cup-futbol-alevin\\\/#primaryimage\"},\"thumbnailUrl\":\"https:\\\/\\\/www.alfergestion.com\\\/en\\\/wp-content\\\/uploads\\\/2023\\\/04\\\/Rozas-Cup-2022.jpg\",\"articleSection\":[\"Actualidad\",\"Noticias\"],\"inLanguage\":\"es\",\"potentialAction\":[{\"@type\":\"CommentAction\",\"name\":\"Comment\",\"target\":[\"https:\\\/\\\/www.alfergestion.com\\\/en\\\/rozas-cup-futbol-alevin\\\/#respond\"]}]},{\"@type\":\"WebPage\",\"@id\":\"https:\\\/\\\/www.alfergestion.com\\\/en\\\/rozas-cup-futbol-alevin\\\/\",\"url\":\"https:\\\/\\\/www.alfergestion.com\\\/en\\\/rozas-cup-futbol-alevin\\\/\",\"name\":\"Las Rozas CUP - Torneo Futbol 11 Alev\u00edn - 17-19 junio - Campo Navalcarb\u00f3n -\",\"isPartOf\":{\"@id\":\"https:\\\/\\\/www.alfergestion.com\\\/en\\\/#website\"},\"primaryImageOfPage\":{\"@id\":\"https:\\\/\\\/www.alfergestion.com\\\/en\\\/rozas-cup-futbol-alevin\\\/#primaryimage\"},\"image\":{\"@id\":\"https:\\\/\\\/www.alfergestion.com\\\/en\\\/rozas-cup-futbol-alevin\\\/#primaryimage\"},\"thumbnailUrl\":\"https:\\\/\\\/www.alfergestion.com\\\/en\\\/wp-content\\\/uploads\\\/2023\\\/04\\\/Rozas-Cup-2022.jpg\",\"datePublished\":\"2022-06-17T11:42:11+00:00\",\"dateModified\":\"2023-04-07T01:21:25+00:00\",\"breadcrumb\":{\"@id\":\"https:\\\/\\\/www.alfergestion.com\\\/en\\\/rozas-cup-futbol-alevin\\\/#breadcrumb\"},\"inLanguage\":\"es\",\"potentialAction\":[{\"@type\":\"ReadAction\",\"target\":[\"https:\\\/\\\/www.alfergestion.com\\\/en\\\/rozas-cup-futbol-alevin\\\/\"]}]},{\"@type\":\"ImageObject\",\"inLanguage\":\"es\",\"@id\":\"https:\\\/\\\/www.alfergestion.com\\\/en\\\/rozas-cup-futbol-alevin\\\/#primaryimage\",\"url\":\"https:\\\/\\\/www.alfergestion.com\\\/en\\\/wp-content\\\/uploads\\\/2023\\\/04\\\/Rozas-Cup-2022.jpg\",\"contentUrl\":\"https:\\\/\\\/www.alfergestion.com\\\/en\\\/wp-content\\\/uploads\\\/2023\\\/04\\\/Rozas-Cup-2022.jpg\",\"width\":1080,\"height\":1564},{\"@type\":\"BreadcrumbList\",\"@id\":\"https:\\\/\\\/www.alfergestion.com\\\/en\\\/rozas-cup-futbol-alevin\\\/#breadcrumb\",\"itemListElement\":[{\"@type\":\"ListItem\",\"position\":1,\"name\":\"Portada\",\"item\":\"https:\\\/\\\/www.alfergestion.com\\\/en\\\/\"},{\"@type\":\"ListItem\",\"position\":2,\"name\":\"Las Rozas CUP &#8211; Torneo Futbol 11 Alev\u00edn &#8211; 17-19 junio &#8211; Campo Navalcarb\u00f3n\"}]},{\"@type\":\"WebSite\",\"@id\":\"https:\\\/\\\/www.alfergestion.com\\\/en\\\/#website\",\"url\":\"https:\\\/\\\/www.alfergestion.com\\\/en\\\/\",\"name\":\"ALFER GESTION\",\"description\":\"asesoramiento integral a particulares, aut\u00f3nomos, pymes y empresas, mediante una atenci\u00f3n personalizada y eficiente a nuestros clientes.\",\"publisher\":{\"@id\":\"https:\\\/\\\/www.alfergestion.com\\\/en\\\/#organization\"},\"potentialAction\":[{\"@type\":\"SearchAction\",\"target\":{\"@type\":\"EntryPoint\",\"urlTemplate\":\"https:\\\/\\\/www.alfergestion.com\\\/en\\\/?s={search_term_string}\"},\"query-input\":{\"@type\":\"PropertyValueSpecification\",\"valueRequired\":true,\"valueName\":\"search_term_string\"}}],\"inLanguage\":\"es\"},{\"@type\":\"Organization\",\"@id\":\"https:\\\/\\\/www.alfergestion.com\\\/en\\\/#organization\",\"name\":\"ALFER GESTION\",\"url\":\"https:\\\/\\\/www.alfergestion.com\\\/en\\\/\",\"logo\":{\"@type\":\"ImageObject\",\"inLanguage\":\"es\",\"@id\":\"https:\\\/\\\/www.alfergestion.com\\\/en\\\/#\\\/schema\\\/logo\\\/image\\\/\",\"url\":\"https:\\\/\\\/www.alfergestion.com\\\/en\\\/wp-content\\\/uploads\\\/2023\\\/02\\\/alferGestion-logo.jpg\",\"contentUrl\":\"https:\\\/\\\/www.alfergestion.com\\\/en\\\/wp-content\\\/uploads\\\/2023\\\/02\\\/alferGestion-logo.jpg\",\"width\":141,\"height\":68,\"caption\":\"ALFER GESTION\"},\"image\":{\"@id\":\"https:\\\/\\\/www.alfergestion.com\\\/en\\\/#\\\/schema\\\/logo\\\/image\\\/\"},\"sameAs\":[\"https:\\\/\\\/www.facebook.com\\\/alfergestion\",\"https:\\\/\\\/x.com\\\/alfergestion\",\"https:\\\/\\\/www.linkedin.com\\\/company\\\/alfer-gestion\\\/\",\"https:\\\/\\\/www.instagram.com\\\/alfergestion\\\/\"]},{\"@type\":\"Person\",\"@id\":\"https:\\\/\\\/www.alfergestion.com\\\/en\\\/#\\\/schema\\\/person\\\/d3f322bf29ae439b372d4e705af4ae89\",\"name\":\"alferadmin\",\"image\":{\"@type\":\"ImageObject\",\"inLanguage\":\"es\",\"@id\":\"https:\\\/\\\/secure.gravatar.com\\\/avatar\\\/68e47f947b7f0f36522078aa6f917ca42807fa3fc361e79365243458d832b1aa?s=96&d=mm&r=g\",\"url\":\"https:\\\/\\\/secure.gravatar.com\\\/avatar\\\/68e47f947b7f0f36522078aa6f917ca42807fa3fc361e79365243458d832b1aa?s=96&d=mm&r=g\",\"contentUrl\":\"https:\\\/\\\/secure.gravatar.com\\\/avatar\\\/68e47f947b7f0f36522078aa6f917ca42807fa3fc361e79365243458d832b1aa?s=96&d=mm&r=g\",\"caption\":\"alferadmin\"},\"sameAs\":[\"http:\\\/\\\/new.alfergestion.com\"],\"url\":\"https:\\\/\\\/www.alfergestion.com\\\/en\\\/author\\\/alferadmin\\\/\"}]}<\/script>\n<!-- \/ Yoast SEO plugin. -->","yoast_head_json":{"title":"Las Rozas CUP - Torneo Futbol 11 Alev\u00edn - 17-19 junio - Campo Navalcarb\u00f3n -","robots":{"index":"index","follow":"follow","max-snippet":"max-snippet:-1","max-image-preview":"max-image-preview:large","max-video-preview":"max-video-preview:-1"},"canonical":"https:\/\/www.alfergestion.com\/en\/rozas-cup-futbol-alevin\/","og_locale":"es_ES","og_type":"article","og_title":"Las Rozas CUP - Torneo Futbol 11 Alev\u00edn - 17-19 junio - Campo Navalcarb\u00f3n -","og_description":"Desde hoy 17 de junio al 19 de junio, se celebra Las Rozas CUP Torneo F\u00fatbol 11 Alev\u00edn en el campo de Navalcarb\u00f3n, con el patrocinio de Alfer Gesti\u00f3n y otras empresas a este torneo del C.F. Las Rozas, de \u00e1mbito nacional, mostrando nuestro apoyo al deporte de base. &nbsp; Tambi\u00e9n queremos informaros que el &hellip; Continue reading \"Las Rozas CUP &#8211; Torneo Futbol 11 Alev\u00edn &#8211; 17-19 junio &#8211; Campo Navalcarb\u00f3n\"","og_url":"https:\/\/www.alfergestion.com\/en\/rozas-cup-futbol-alevin\/","article_publisher":"https:\/\/www.facebook.com\/alfergestion","article_published_time":"2022-06-17T11:42:11+00:00","article_modified_time":"2023-04-07T01:21:25+00:00","og_image":[{"width":1080,"height":1564,"url":"https:\/\/www.alfergestion.com\/en\/wp-content\/uploads\/2023\/04\/Rozas-Cup-2022.jpg","type":"image\/jpeg"}],"author":"alferadmin","twitter_card":"summary_large_image","twitter_creator":"@alfergestion","twitter_site":"@alfergestion","twitter_misc":{"Escrito por":"alferadmin","Tiempo de lectura":"1 minuto"},"schema":{"@context":"https:\/\/schema.org","@graph":[{"@type":"Article","@id":"https:\/\/www.alfergestion.com\/en\/rozas-cup-futbol-alevin\/#article","isPartOf":{"@id":"https:\/\/www.alfergestion.com\/en\/rozas-cup-futbol-alevin\/"},"author":{"name":"alferadmin","@id":"https:\/\/www.alfergestion.com\/en\/#\/schema\/person\/d3f322bf29ae439b372d4e705af4ae89"},"headline":"Las Rozas CUP &#8211; Torneo Futbol 11 Alev\u00edn &#8211; 17-19 junio &#8211; Campo Navalcarb\u00f3n","datePublished":"2022-06-17T11:42:11+00:00","dateModified":"2023-04-07T01:21:25+00:00","mainEntityOfPage":{"@id":"https:\/\/www.alfergestion.com\/en\/rozas-cup-futbol-alevin\/"},"wordCount":86,"commentCount":0,"publisher":{"@id":"https:\/\/www.alfergestion.com\/en\/#organization"},"image":{"@id":"https:\/\/www.alfergestion.com\/en\/rozas-cup-futbol-alevin\/#primaryimage"},"thumbnailUrl":"https:\/\/www.alfergestion.com\/en\/wp-content\/uploads\/2023\/04\/Rozas-Cup-2022.jpg","articleSection":["Actualidad","Noticias"],"inLanguage":"es","potentialAction":[{"@type":"CommentAction","name":"Comment","target":["https:\/\/www.alfergestion.com\/en\/rozas-cup-futbol-alevin\/#respond"]}]},{"@type":"WebPage","@id":"https:\/\/www.alfergestion.com\/en\/rozas-cup-futbol-alevin\/","url":"https:\/\/www.alfergestion.com\/en\/rozas-cup-futbol-alevin\/","name":"Las Rozas CUP - Torneo Futbol 11 Alev\u00edn - 17-19 junio - Campo Navalcarb\u00f3n -","isPartOf":{"@id":"https:\/\/www.alfergestion.com\/en\/#website"},"primaryImageOfPage":{"@id":"https:\/\/www.alfergestion.com\/en\/rozas-cup-futbol-alevin\/#primaryimage"},"image":{"@id":"https:\/\/www.alfergestion.com\/en\/rozas-cup-futbol-alevin\/#primaryimage"},"thumbnailUrl":"https:\/\/www.alfergestion.com\/en\/wp-content\/uploads\/2023\/04\/Rozas-Cup-2022.jpg","datePublished":"2022-06-17T11:42:11+00:00","dateModified":"2023-04-07T01:21:25+00:00","breadcrumb":{"@id":"https:\/\/www.alfergestion.com\/en\/rozas-cup-futbol-alevin\/#breadcrumb"},"inLanguage":"es","potentialAction":[{"@type":"ReadAction","target":["https:\/\/www.alfergestion.com\/en\/rozas-cup-futbol-alevin\/"]}]},{"@type":"ImageObject","inLanguage":"es","@id":"https:\/\/www.alfergestion.com\/en\/rozas-cup-futbol-alevin\/#primaryimage","url":"https:\/\/www.alfergestion.com\/en\/wp-content\/uploads\/2023\/04\/Rozas-Cup-2022.jpg","contentUrl":"https:\/\/www.alfergestion.com\/en\/wp-content\/uploads\/2023\/04\/Rozas-Cup-2022.jpg","width":1080,"height":1564},{"@type":"BreadcrumbList","@id":"https:\/\/www.alfergestion.com\/en\/rozas-cup-futbol-alevin\/#breadcrumb","itemListElement":[{"@type":"ListItem","position":1,"name":"Portada","item":"https:\/\/www.alfergestion.com\/en\/"},{"@type":"ListItem","position":2,"name":"Las Rozas CUP &#8211; Torneo Futbol 11 Alev\u00edn &#8211; 17-19 junio &#8211; Campo Navalcarb\u00f3n"}]},{"@type":"WebSite","@id":"https:\/\/www.alfergestion.com\/en\/#website","url":"https:\/\/www.alfergestion.com\/en\/","name":"ALFER GESTION","description":"asesoramiento integral a particulares, aut\u00f3nomos, pymes y empresas, mediante una atenci\u00f3n personalizada y eficiente a nuestros clientes.","publisher":{"@id":"https:\/\/www.alfergestion.com\/en\/#organization"},"potentialAction":[{"@type":"SearchAction","target":{"@type":"EntryPoint","urlTemplate":"https:\/\/www.alfergestion.com\/en\/?s={search_term_string}"},"query-input":{"@type":"PropertyValueSpecification","valueRequired":true,"valueName":"search_term_string"}}],"inLanguage":"es"},{"@type":"Organization","@id":"https:\/\/www.alfergestion.com\/en\/#organization","name":"ALFER GESTION","url":"https:\/\/www.alfergestion.com\/en\/","logo":{"@type":"ImageObject","inLanguage":"es","@id":"https:\/\/www.alfergestion.com\/en\/#\/schema\/logo\/image\/","url":"https:\/\/www.alfergestion.com\/en\/wp-content\/uploads\/2023\/02\/alferGestion-logo.jpg","contentUrl":"https:\/\/www.alfergestion.com\/en\/wp-content\/uploads\/2023\/02\/alferGestion-logo.jpg","width":141,"height":68,"caption":"ALFER GESTION"},"image":{"@id":"https:\/\/www.alfergestion.com\/en\/#\/schema\/logo\/image\/"},"sameAs":["https:\/\/www.facebook.com\/alfergestion","https:\/\/x.com\/alfergestion","https:\/\/www.linkedin.com\/company\/alfer-gestion\/","https:\/\/www.instagram.com\/alfergestion\/"]},{"@type":"Person","@id":"https:\/\/www.alfergestion.com\/en\/#\/schema\/person\/d3f322bf29ae439b372d4e705af4ae89","name":"alferadmin","image":{"@type":"ImageObject","inLanguage":"es","@id":"https:\/\/secure.gravatar.com\/avatar\/68e47f947b7f0f36522078aa6f917ca42807fa3fc361e79365243458d832b1aa?s=96&d=mm&r=g","url":"https:\/\/secure.gravatar.com\/avatar\/68e47f947b7f0f36522078aa6f917ca42807fa3fc361e79365243458d832b1aa?s=96&d=mm&r=g","contentUrl":"https:\/\/secure.gravatar.com\/avatar\/68e47f947b7f0f36522078aa6f917ca42807fa3fc361e79365243458d832b1aa?s=96&d=mm&r=g","caption":"alferadmin"},"sameAs":["http:\/\/new.alfergestion.com"],"url":"https:\/\/www.alfergestion.com\/en\/author\/alferadmin\/"}]}},"_links":{"self":[{"href":"https:\/\/www.alfergestion.com\/en\/wp-json\/wp\/v2\/posts\/143","targetHints":{"allow":["GET"]}}],"collection":[{"href":"https:\/\/www.alfergestion.com\/en\/wp-json\/wp\/v2\/posts"}],"about":[{"href":"https:\/\/www.alfergestion.com\/en\/wp-json\/wp\/v2\/types\/post"}],"author":[{"embeddable":true,"href":"https:\/\/www.alfergestion.com\/en\/wp-json\/wp\/v2\/users\/1"}],"replies":[{"embeddable":true,"href":"https:\/\/www.alfergestion.com\/en\/wp-json\/wp\/v2\/comments?post=143"}],"version-history":[{"count":8,"href":"https:\/\/www.alfergestion.com\/en\/wp-json\/wp\/v2\/posts\/143\/revisions"}],"predecessor-version":[{"id":381,"href":"https:\/\/www.alfergestion.com\/en\/wp-json\/wp\/v2\/posts\/143\/revisions\/381"}],"wp:featuredmedia":[{"embeddable":true,"href":"https:\/\/www.alfergestion.com\/en\/wp-json\/wp\/v2\/media\/380"}],"wp:attachment":[{"href":"https:\/\/www.alfergestion.com\/en\/wp-json\/wp\/v2\/media?parent=143"}],"wp:term":[{"taxonomy":"category","embeddable":true,"href":"https:\/\/www.alfergestion.com\/en\/wp-json\/wp\/v2\/categories?post=143"},{"taxonomy":"post_tag","embeddable":true,"href":"https:\/\/www.alfergestion.com\/en\/wp-json\/wp\/v2\/tags?post=143"}],"curies":[{"name":"wp","href":"https:\/\/api.w.org\/{rel}","templated":true}]}}