{"id":145,"date":"2022-06-28T11:42:28","date_gmt":"2022-06-28T11:42:28","guid":{"rendered":"https:\/\/new.alfergestion.com\/?p=145"},"modified":"2023-04-07T01:33:21","modified_gmt":"2023-04-07T01:33:21","slug":"rebaja-iva-luz","status":"publish","type":"post","link":"https:\/\/www.alfergestion.com\/en\/rebaja-iva-luz\/","title":{"rendered":"Rebaja del IVA de la luz"},"content":{"rendered":"<p>En el seno del Consejo de Ministros extraordinario de este s\u00e1bado, se adoptaron una serie de medidas econ\u00f3micas, muchas de las cuales ya hab\u00edan sido incluidas en el marco del Plan Nacional de respuesta a las consecuencias econ\u00f3micas y sociales de la guerra de Ucrania \u2014RDL 6\/2022, de cuyo contenido informamos trav\u00e9s de la\u00a0<a title=\"Plan de choque guerra Ucrania\" href=\"https:\/\/new.alfergestion.com\/plan-choque\/\">noticia del pasado 31 de marzo de 2022<\/a>\u2014 que ahora han sido objeto de pr\u00f3rroga. Destaca la de la bonificaci\u00f3n del carburante hasta fin de a\u00f1o, as\u00ed como la aprobaci\u00f3n de la rebaja del IVA de la factura de la luz del 10% al 5%, tambi\u00e9n hasta el 31 de diciembre.<\/p>\n","protected":false},"excerpt":{"rendered":"<p>En el seno del Consejo de Ministros extraordinario de este s\u00e1bado, se adoptaron una serie de medidas econ\u00f3micas, muchas de las cuales ya hab\u00edan sido incluidas en el marco del Plan Nacional de respuesta a las consecuencias econ\u00f3micas y sociales de la guerra de Ucrania \u2014RDL 6\/2022, de cuyo contenido informamos trav\u00e9s de la\u00a0noticia del &hellip; <a href=\"https:\/\/www.alfergestion.com\/en\/rebaja-iva-luz\/\" class=\"more-link\">Continue reading<span class=\"screen-reader-text\"> \u00abRebaja del IVA de la luz\u00bb<\/span><\/a><\/p>\n","protected":false},"author":1,"featured_media":372,"comment_status":"open","ping_status":"open","sticky":false,"template":"","format":"standard","meta":{"_acf_changed":false,"footnotes":""},"categories":[5,4,1],"tags":[],"class_list":["post-145","post","type-post","status-publish","format-standard","has-post-thumbnail","hentry","category-fincas","category-fiscal","category-noticias"],"acf":[],"yoast_head":"<!-- This site is optimized with the Yoast SEO plugin v27.5 - https:\/\/yoast.com\/product\/yoast-seo-wordpress\/ -->\n<title>Rebaja del IVA de la luz -<\/title>\n<meta name=\"robots\" content=\"index, follow, max-snippet:-1, max-image-preview:large, max-video-preview:-1\" \/>\n<link rel=\"canonical\" href=\"https:\/\/www.alfergestion.com\/en\/rebaja-iva-luz\/\" \/>\n<meta property=\"og:locale\" content=\"es_ES\" \/>\n<meta property=\"og:type\" content=\"article\" \/>\n<meta property=\"og:title\" content=\"Rebaja del IVA de la luz -\" \/>\n<meta property=\"og:description\" content=\"En el seno del Consejo de Ministros extraordinario de este s\u00e1bado, se adoptaron una serie de medidas econ\u00f3micas, muchas de las cuales ya hab\u00edan sido incluidas en el marco del Plan Nacional de respuesta a las consecuencias econ\u00f3micas y sociales de la guerra de Ucrania \u2014RDL 6\/2022, de cuyo contenido informamos trav\u00e9s de la\u00a0noticia del &hellip; Continue reading &quot;Rebaja del IVA de la luz&quot;\" \/>\n<meta property=\"og:url\" content=\"https:\/\/www.alfergestion.com\/en\/rebaja-iva-luz\/\" \/>\n<meta property=\"article:publisher\" content=\"https:\/\/www.facebook.com\/alfergestion\" \/>\n<meta property=\"article:published_time\" content=\"2022-06-28T11:42:28+00:00\" \/>\n<meta property=\"article:modified_time\" content=\"2023-04-07T01:33:21+00:00\" \/>\n<meta property=\"og:image\" content=\"https:\/\/www.alfergestion.com\/en\/wp-content\/uploads\/2023\/04\/Rebaja-IVA-luz.jpg\" \/>\n\t<meta property=\"og:image:width\" content=\"960\" \/>\n\t<meta property=\"og:image:height\" content=\"480\" \/>\n\t<meta property=\"og:image:type\" content=\"image\/jpeg\" \/>\n<meta name=\"author\" content=\"alferadmin\" \/>\n<meta name=\"twitter:card\" content=\"summary_large_image\" \/>\n<meta name=\"twitter:creator\" content=\"@alfergestion\" \/>\n<meta name=\"twitter:site\" content=\"@alfergestion\" \/>\n<meta name=\"twitter:label1\" content=\"Escrito por\" \/>\n\t<meta name=\"twitter:data1\" content=\"alferadmin\" \/>\n\t<meta name=\"twitter:label2\" content=\"Tiempo de lectura\" \/>\n\t<meta name=\"twitter:data2\" content=\"1 minuto\" \/>\n<script type=\"application\/ld+json\" class=\"yoast-schema-graph\">{\"@context\":\"https:\\\/\\\/schema.org\",\"@graph\":[{\"@type\":\"Article\",\"@id\":\"https:\\\/\\\/www.alfergestion.com\\\/en\\\/rebaja-iva-luz\\\/#article\",\"isPartOf\":{\"@id\":\"https:\\\/\\\/www.alfergestion.com\\\/en\\\/rebaja-iva-luz\\\/\"},\"author\":{\"name\":\"alferadmin\",\"@id\":\"https:\\\/\\\/www.alfergestion.com\\\/en\\\/#\\\/schema\\\/person\\\/d3f322bf29ae439b372d4e705af4ae89\"},\"headline\":\"Rebaja del IVA de la luz\",\"datePublished\":\"2022-06-28T11:42:28+00:00\",\"dateModified\":\"2023-04-07T01:33:21+00:00\",\"mainEntityOfPage\":{\"@id\":\"https:\\\/\\\/www.alfergestion.com\\\/en\\\/rebaja-iva-luz\\\/\"},\"wordCount\":115,\"commentCount\":0,\"publisher\":{\"@id\":\"https:\\\/\\\/www.alfergestion.com\\\/en\\\/#organization\"},\"image\":{\"@id\":\"https:\\\/\\\/www.alfergestion.com\\\/en\\\/rebaja-iva-luz\\\/#primaryimage\"},\"thumbnailUrl\":\"https:\\\/\\\/www.alfergestion.com\\\/en\\\/wp-content\\\/uploads\\\/2023\\\/04\\\/Rebaja-IVA-luz.jpg\",\"articleSection\":[\"Fincas\",\"Fiscal\",\"Noticias\"],\"inLanguage\":\"es\",\"potentialAction\":[{\"@type\":\"CommentAction\",\"name\":\"Comment\",\"target\":[\"https:\\\/\\\/www.alfergestion.com\\\/en\\\/rebaja-iva-luz\\\/#respond\"]}]},{\"@type\":\"WebPage\",\"@id\":\"https:\\\/\\\/www.alfergestion.com\\\/en\\\/rebaja-iva-luz\\\/\",\"url\":\"https:\\\/\\\/www.alfergestion.com\\\/en\\\/rebaja-iva-luz\\\/\",\"name\":\"Rebaja del IVA de la luz -\",\"isPartOf\":{\"@id\":\"https:\\\/\\\/www.alfergestion.com\\\/en\\\/#website\"},\"primaryImageOfPage\":{\"@id\":\"https:\\\/\\\/www.alfergestion.com\\\/en\\\/rebaja-iva-luz\\\/#primaryimage\"},\"image\":{\"@id\":\"https:\\\/\\\/www.alfergestion.com\\\/en\\\/rebaja-iva-luz\\\/#primaryimage\"},\"thumbnailUrl\":\"https:\\\/\\\/www.alfergestion.com\\\/en\\\/wp-content\\\/uploads\\\/2023\\\/04\\\/Rebaja-IVA-luz.jpg\",\"datePublished\":\"2022-06-28T11:42:28+00:00\",\"dateModified\":\"2023-04-07T01:33:21+00:00\",\"breadcrumb\":{\"@id\":\"https:\\\/\\\/www.alfergestion.com\\\/en\\\/rebaja-iva-luz\\\/#breadcrumb\"},\"inLanguage\":\"es\",\"potentialAction\":[{\"@type\":\"ReadAction\",\"target\":[\"https:\\\/\\\/www.alfergestion.com\\\/en\\\/rebaja-iva-luz\\\/\"]}]},{\"@type\":\"ImageObject\",\"inLanguage\":\"es\",\"@id\":\"https:\\\/\\\/www.alfergestion.com\\\/en\\\/rebaja-iva-luz\\\/#primaryimage\",\"url\":\"https:\\\/\\\/www.alfergestion.com\\\/en\\\/wp-content\\\/uploads\\\/2023\\\/04\\\/Rebaja-IVA-luz.jpg\",\"contentUrl\":\"https:\\\/\\\/www.alfergestion.com\\\/en\\\/wp-content\\\/uploads\\\/2023\\\/04\\\/Rebaja-IVA-luz.jpg\",\"width\":960,\"height\":480},{\"@type\":\"BreadcrumbList\",\"@id\":\"https:\\\/\\\/www.alfergestion.com\\\/en\\\/rebaja-iva-luz\\\/#breadcrumb\",\"itemListElement\":[{\"@type\":\"ListItem\",\"position\":1,\"name\":\"Portada\",\"item\":\"https:\\\/\\\/www.alfergestion.com\\\/en\\\/\"},{\"@type\":\"ListItem\",\"position\":2,\"name\":\"Rebaja del IVA de la luz\"}]},{\"@type\":\"WebSite\",\"@id\":\"https:\\\/\\\/www.alfergestion.com\\\/en\\\/#website\",\"url\":\"https:\\\/\\\/www.alfergestion.com\\\/en\\\/\",\"name\":\"ALFER GESTION\",\"description\":\"asesoramiento integral a particulares, aut\u00f3nomos, pymes y empresas, mediante una atenci\u00f3n personalizada y eficiente a nuestros clientes.\",\"publisher\":{\"@id\":\"https:\\\/\\\/www.alfergestion.com\\\/en\\\/#organization\"},\"potentialAction\":[{\"@type\":\"SearchAction\",\"target\":{\"@type\":\"EntryPoint\",\"urlTemplate\":\"https:\\\/\\\/www.alfergestion.com\\\/en\\\/?s={search_term_string}\"},\"query-input\":{\"@type\":\"PropertyValueSpecification\",\"valueRequired\":true,\"valueName\":\"search_term_string\"}}],\"inLanguage\":\"es\"},{\"@type\":\"Organization\",\"@id\":\"https:\\\/\\\/www.alfergestion.com\\\/en\\\/#organization\",\"name\":\"ALFER GESTION\",\"url\":\"https:\\\/\\\/www.alfergestion.com\\\/en\\\/\",\"logo\":{\"@type\":\"ImageObject\",\"inLanguage\":\"es\",\"@id\":\"https:\\\/\\\/www.alfergestion.com\\\/en\\\/#\\\/schema\\\/logo\\\/image\\\/\",\"url\":\"https:\\\/\\\/www.alfergestion.com\\\/en\\\/wp-content\\\/uploads\\\/2023\\\/02\\\/alferGestion-logo.jpg\",\"contentUrl\":\"https:\\\/\\\/www.alfergestion.com\\\/en\\\/wp-content\\\/uploads\\\/2023\\\/02\\\/alferGestion-logo.jpg\",\"width\":141,\"height\":68,\"caption\":\"ALFER GESTION\"},\"image\":{\"@id\":\"https:\\\/\\\/www.alfergestion.com\\\/en\\\/#\\\/schema\\\/logo\\\/image\\\/\"},\"sameAs\":[\"https:\\\/\\\/www.facebook.com\\\/alfergestion\",\"https:\\\/\\\/x.com\\\/alfergestion\",\"https:\\\/\\\/www.linkedin.com\\\/company\\\/alfer-gestion\\\/\",\"https:\\\/\\\/www.instagram.com\\\/alfergestion\\\/\"]},{\"@type\":\"Person\",\"@id\":\"https:\\\/\\\/www.alfergestion.com\\\/en\\\/#\\\/schema\\\/person\\\/d3f322bf29ae439b372d4e705af4ae89\",\"name\":\"alferadmin\",\"image\":{\"@type\":\"ImageObject\",\"inLanguage\":\"es\",\"@id\":\"https:\\\/\\\/secure.gravatar.com\\\/avatar\\\/68e47f947b7f0f36522078aa6f917ca42807fa3fc361e79365243458d832b1aa?s=96&d=mm&r=g\",\"url\":\"https:\\\/\\\/secure.gravatar.com\\\/avatar\\\/68e47f947b7f0f36522078aa6f917ca42807fa3fc361e79365243458d832b1aa?s=96&d=mm&r=g\",\"contentUrl\":\"https:\\\/\\\/secure.gravatar.com\\\/avatar\\\/68e47f947b7f0f36522078aa6f917ca42807fa3fc361e79365243458d832b1aa?s=96&d=mm&r=g\",\"caption\":\"alferadmin\"},\"sameAs\":[\"http:\\\/\\\/new.alfergestion.com\"],\"url\":\"https:\\\/\\\/www.alfergestion.com\\\/en\\\/author\\\/alferadmin\\\/\"}]}<\/script>\n<!-- \/ Yoast SEO plugin. -->","yoast_head_json":{"title":"Rebaja del IVA de la luz -","robots":{"index":"index","follow":"follow","max-snippet":"max-snippet:-1","max-image-preview":"max-image-preview:large","max-video-preview":"max-video-preview:-1"},"canonical":"https:\/\/www.alfergestion.com\/en\/rebaja-iva-luz\/","og_locale":"es_ES","og_type":"article","og_title":"Rebaja del IVA de la luz -","og_description":"En el seno del Consejo de Ministros extraordinario de este s\u00e1bado, se adoptaron una serie de medidas econ\u00f3micas, muchas de las cuales ya hab\u00edan sido incluidas en el marco del Plan Nacional de respuesta a las consecuencias econ\u00f3micas y sociales de la guerra de Ucrania \u2014RDL 6\/2022, de cuyo contenido informamos trav\u00e9s de la\u00a0noticia del &hellip; Continue reading \"Rebaja del IVA de la luz\"","og_url":"https:\/\/www.alfergestion.com\/en\/rebaja-iva-luz\/","article_publisher":"https:\/\/www.facebook.com\/alfergestion","article_published_time":"2022-06-28T11:42:28+00:00","article_modified_time":"2023-04-07T01:33:21+00:00","og_image":[{"width":960,"height":480,"url":"https:\/\/www.alfergestion.com\/en\/wp-content\/uploads\/2023\/04\/Rebaja-IVA-luz.jpg","type":"image\/jpeg"}],"author":"alferadmin","twitter_card":"summary_large_image","twitter_creator":"@alfergestion","twitter_site":"@alfergestion","twitter_misc":{"Escrito por":"alferadmin","Tiempo de lectura":"1 minuto"},"schema":{"@context":"https:\/\/schema.org","@graph":[{"@type":"Article","@id":"https:\/\/www.alfergestion.com\/en\/rebaja-iva-luz\/#article","isPartOf":{"@id":"https:\/\/www.alfergestion.com\/en\/rebaja-iva-luz\/"},"author":{"name":"alferadmin","@id":"https:\/\/www.alfergestion.com\/en\/#\/schema\/person\/d3f322bf29ae439b372d4e705af4ae89"},"headline":"Rebaja del IVA de la luz","datePublished":"2022-06-28T11:42:28+00:00","dateModified":"2023-04-07T01:33:21+00:00","mainEntityOfPage":{"@id":"https:\/\/www.alfergestion.com\/en\/rebaja-iva-luz\/"},"wordCount":115,"commentCount":0,"publisher":{"@id":"https:\/\/www.alfergestion.com\/en\/#organization"},"image":{"@id":"https:\/\/www.alfergestion.com\/en\/rebaja-iva-luz\/#primaryimage"},"thumbnailUrl":"https:\/\/www.alfergestion.com\/en\/wp-content\/uploads\/2023\/04\/Rebaja-IVA-luz.jpg","articleSection":["Fincas","Fiscal","Noticias"],"inLanguage":"es","potentialAction":[{"@type":"CommentAction","name":"Comment","target":["https:\/\/www.alfergestion.com\/en\/rebaja-iva-luz\/#respond"]}]},{"@type":"WebPage","@id":"https:\/\/www.alfergestion.com\/en\/rebaja-iva-luz\/","url":"https:\/\/www.alfergestion.com\/en\/rebaja-iva-luz\/","name":"Rebaja del IVA de la luz -","isPartOf":{"@id":"https:\/\/www.alfergestion.com\/en\/#website"},"primaryImageOfPage":{"@id":"https:\/\/www.alfergestion.com\/en\/rebaja-iva-luz\/#primaryimage"},"image":{"@id":"https:\/\/www.alfergestion.com\/en\/rebaja-iva-luz\/#primaryimage"},"thumbnailUrl":"https:\/\/www.alfergestion.com\/en\/wp-content\/uploads\/2023\/04\/Rebaja-IVA-luz.jpg","datePublished":"2022-06-28T11:42:28+00:00","dateModified":"2023-04-07T01:33:21+00:00","breadcrumb":{"@id":"https:\/\/www.alfergestion.com\/en\/rebaja-iva-luz\/#breadcrumb"},"inLanguage":"es","potentialAction":[{"@type":"ReadAction","target":["https:\/\/www.alfergestion.com\/en\/rebaja-iva-luz\/"]}]},{"@type":"ImageObject","inLanguage":"es","@id":"https:\/\/www.alfergestion.com\/en\/rebaja-iva-luz\/#primaryimage","url":"https:\/\/www.alfergestion.com\/en\/wp-content\/uploads\/2023\/04\/Rebaja-IVA-luz.jpg","contentUrl":"https:\/\/www.alfergestion.com\/en\/wp-content\/uploads\/2023\/04\/Rebaja-IVA-luz.jpg","width":960,"height":480},{"@type":"BreadcrumbList","@id":"https:\/\/www.alfergestion.com\/en\/rebaja-iva-luz\/#breadcrumb","itemListElement":[{"@type":"ListItem","position":1,"name":"Portada","item":"https:\/\/www.alfergestion.com\/en\/"},{"@type":"ListItem","position":2,"name":"Rebaja del IVA de la luz"}]},{"@type":"WebSite","@id":"https:\/\/www.alfergestion.com\/en\/#website","url":"https:\/\/www.alfergestion.com\/en\/","name":"ALFER GESTION","description":"asesoramiento integral a particulares, aut\u00f3nomos, pymes y empresas, mediante una atenci\u00f3n personalizada y eficiente a nuestros clientes.","publisher":{"@id":"https:\/\/www.alfergestion.com\/en\/#organization"},"potentialAction":[{"@type":"SearchAction","target":{"@type":"EntryPoint","urlTemplate":"https:\/\/www.alfergestion.com\/en\/?s={search_term_string}"},"query-input":{"@type":"PropertyValueSpecification","valueRequired":true,"valueName":"search_term_string"}}],"inLanguage":"es"},{"@type":"Organization","@id":"https:\/\/www.alfergestion.com\/en\/#organization","name":"ALFER GESTION","url":"https:\/\/www.alfergestion.com\/en\/","logo":{"@type":"ImageObject","inLanguage":"es","@id":"https:\/\/www.alfergestion.com\/en\/#\/schema\/logo\/image\/","url":"https:\/\/www.alfergestion.com\/en\/wp-content\/uploads\/2023\/02\/alferGestion-logo.jpg","contentUrl":"https:\/\/www.alfergestion.com\/en\/wp-content\/uploads\/2023\/02\/alferGestion-logo.jpg","width":141,"height":68,"caption":"ALFER GESTION"},"image":{"@id":"https:\/\/www.alfergestion.com\/en\/#\/schema\/logo\/image\/"},"sameAs":["https:\/\/www.facebook.com\/alfergestion","https:\/\/x.com\/alfergestion","https:\/\/www.linkedin.com\/company\/alfer-gestion\/","https:\/\/www.instagram.com\/alfergestion\/"]},{"@type":"Person","@id":"https:\/\/www.alfergestion.com\/en\/#\/schema\/person\/d3f322bf29ae439b372d4e705af4ae89","name":"alferadmin","image":{"@type":"ImageObject","inLanguage":"es","@id":"https:\/\/secure.gravatar.com\/avatar\/68e47f947b7f0f36522078aa6f917ca42807fa3fc361e79365243458d832b1aa?s=96&d=mm&r=g","url":"https:\/\/secure.gravatar.com\/avatar\/68e47f947b7f0f36522078aa6f917ca42807fa3fc361e79365243458d832b1aa?s=96&d=mm&r=g","contentUrl":"https:\/\/secure.gravatar.com\/avatar\/68e47f947b7f0f36522078aa6f917ca42807fa3fc361e79365243458d832b1aa?s=96&d=mm&r=g","caption":"alferadmin"},"sameAs":["http:\/\/new.alfergestion.com"],"url":"https:\/\/www.alfergestion.com\/en\/author\/alferadmin\/"}]}},"_links":{"self":[{"href":"https:\/\/www.alfergestion.com\/en\/wp-json\/wp\/v2\/posts\/145","targetHints":{"allow":["GET"]}}],"collection":[{"href":"https:\/\/www.alfergestion.com\/en\/wp-json\/wp\/v2\/posts"}],"about":[{"href":"https:\/\/www.alfergestion.com\/en\/wp-json\/wp\/v2\/types\/post"}],"author":[{"embeddable":true,"href":"https:\/\/www.alfergestion.com\/en\/wp-json\/wp\/v2\/users\/1"}],"replies":[{"embeddable":true,"href":"https:\/\/www.alfergestion.com\/en\/wp-json\/wp\/v2\/comments?post=145"}],"version-history":[{"count":3,"href":"https:\/\/www.alfergestion.com\/en\/wp-json\/wp\/v2\/posts\/145\/revisions"}],"predecessor-version":[{"id":322,"href":"https:\/\/www.alfergestion.com\/en\/wp-json\/wp\/v2\/posts\/145\/revisions\/322"}],"wp:featuredmedia":[{"embeddable":true,"href":"https:\/\/www.alfergestion.com\/en\/wp-json\/wp\/v2\/media\/372"}],"wp:attachment":[{"href":"https:\/\/www.alfergestion.com\/en\/wp-json\/wp\/v2\/media?parent=145"}],"wp:term":[{"taxonomy":"category","embeddable":true,"href":"https:\/\/www.alfergestion.com\/en\/wp-json\/wp\/v2\/categories?post=145"},{"taxonomy":"post_tag","embeddable":true,"href":"https:\/\/www.alfergestion.com\/en\/wp-json\/wp\/v2\/tags?post=145"}],"curies":[{"name":"wp","href":"https:\/\/api.w.org\/{rel}","templated":true}]}}