{"id":147,"date":"2022-07-27T11:42:46","date_gmt":"2022-07-27T11:42:46","guid":{"rendered":"https:\/\/new.alfergestion.com\/?p=147"},"modified":"2023-04-07T01:32:10","modified_gmt":"2023-04-07T01:32:10","slug":"nuevo-reta","status":"publish","type":"post","link":"https:\/\/www.alfergestion.com\/en\/nuevo-reta\/","title":{"rendered":"Nuevo sistema de cotizaci\u00f3n para los Aut\u00f3nomos"},"content":{"rendered":"<p>Hoy se ha publicado el RDL 13\/2022, que aprueba, con vigencia a partir del 1-1-2023, un nuevo sistema de cotizaci\u00f3n de los trabajadores aut\u00f3nomos que obliga a cotizar en funci\u00f3n de los ingresos reales. La implantaci\u00f3n del nuevo sistema comenzar\u00e1 el 1-1-2023 y finalizar\u00e1 en 2032, tras un per\u00edodo transitorio de 9 a\u00f1os.<\/p>\n<p>&nbsp;<\/p>\n<p>Tiempos aquellos en los que el Ministro Escriv\u00e1 oficiaba de economista y abogaba por reducir el gasto p\u00fablico\u2026<\/p>\n<p>&nbsp;<\/p>\n<p><a title=\"\" href=\"http:\/\/new.alfergestion.com\/wp-content\/uploads\/2023\/02\/2022-07-27-Nueva-cotizacion-RETA.pdf\" target=\"_blank\" rel=\"noopener\">\u2192 Ver resumen en bolet\u00edn de Lefebvre<\/a><\/p>\n<p><a title=\"\" href=\"https:\/\/www.libremercado.com\/2022-07-23\/sanchez-destroza-a-los-autonomos-las-nuevas-cotizaciones-superan-un-saqueo-fiscal-del-30-6918541\/\" target=\"_blank\" rel=\"noopener\">\u2192 Ver art\u00edculo en Libertad Digital<\/a><\/p>\n","protected":false},"excerpt":{"rendered":"<p>Hoy se ha publicado el RDL 13\/2022, que aprueba, con vigencia a partir del 1-1-2023, un nuevo sistema de cotizaci\u00f3n de los trabajadores aut\u00f3nomos que obliga a cotizar en funci\u00f3n de los ingresos reales. La implantaci\u00f3n del nuevo sistema comenzar\u00e1 el 1-1-2023 y finalizar\u00e1 en 2032, tras un per\u00edodo transitorio de 9 a\u00f1os. &nbsp; Tiempos &hellip; <a href=\"https:\/\/www.alfergestion.com\/en\/nuevo-reta\/\" class=\"more-link\">Continue reading<span class=\"screen-reader-text\"> \u00abNuevo sistema de cotizaci\u00f3n para los Aut\u00f3nomos\u00bb<\/span><\/a><\/p>\n","protected":false},"author":1,"featured_media":369,"comment_status":"open","ping_status":"open","sticky":false,"template":"","format":"standard","meta":{"_acf_changed":false,"footnotes":""},"categories":[7,5,6,1],"tags":[],"class_list":["post-147","post","type-post","status-publish","format-standard","has-post-thumbnail","hentry","category-actualidad","category-fincas","category-laboral","category-noticias"],"acf":[],"yoast_head":"<!-- This site is optimized with the Yoast SEO plugin v27.5 - https:\/\/yoast.com\/product\/yoast-seo-wordpress\/ -->\n<title>Nuevo sistema de cotizaci\u00f3n para los Aut\u00f3nomos -<\/title>\n<meta name=\"robots\" content=\"index, follow, max-snippet:-1, max-image-preview:large, max-video-preview:-1\" \/>\n<link rel=\"canonical\" href=\"https:\/\/www.alfergestion.com\/en\/nuevo-reta\/\" \/>\n<meta property=\"og:locale\" content=\"es_ES\" \/>\n<meta property=\"og:type\" content=\"article\" \/>\n<meta property=\"og:title\" content=\"Nuevo sistema de cotizaci\u00f3n para los Aut\u00f3nomos -\" \/>\n<meta property=\"og:description\" content=\"Hoy se ha publicado el RDL 13\/2022, que aprueba, con vigencia a partir del 1-1-2023, un nuevo sistema de cotizaci\u00f3n de los trabajadores aut\u00f3nomos que obliga a cotizar en funci\u00f3n de los ingresos reales. La implantaci\u00f3n del nuevo sistema comenzar\u00e1 el 1-1-2023 y finalizar\u00e1 en 2032, tras un per\u00edodo transitorio de 9 a\u00f1os. &nbsp; Tiempos &hellip; Continue reading &quot;Nuevo sistema de cotizaci\u00f3n para los Aut\u00f3nomos&quot;\" \/>\n<meta property=\"og:url\" content=\"https:\/\/www.alfergestion.com\/en\/nuevo-reta\/\" \/>\n<meta property=\"article:publisher\" content=\"https:\/\/www.facebook.com\/alfergestion\" \/>\n<meta property=\"article:published_time\" content=\"2022-07-27T11:42:46+00:00\" \/>\n<meta property=\"article:modified_time\" content=\"2023-04-07T01:32:10+00:00\" \/>\n<meta property=\"og:image\" content=\"https:\/\/www.alfergestion.com\/en\/wp-content\/uploads\/2023\/04\/Nueva-cotizacion-RETA.jpg\" \/>\n\t<meta property=\"og:image:width\" content=\"960\" \/>\n\t<meta property=\"og:image:height\" content=\"480\" \/>\n\t<meta property=\"og:image:type\" content=\"image\/jpeg\" \/>\n<meta name=\"author\" content=\"alferadmin\" \/>\n<meta name=\"twitter:card\" content=\"summary_large_image\" \/>\n<meta name=\"twitter:creator\" content=\"@alfergestion\" \/>\n<meta name=\"twitter:site\" content=\"@alfergestion\" \/>\n<meta name=\"twitter:label1\" content=\"Escrito por\" \/>\n\t<meta name=\"twitter:data1\" content=\"alferadmin\" \/>\n\t<meta name=\"twitter:label2\" content=\"Tiempo de lectura\" \/>\n\t<meta name=\"twitter:data2\" content=\"1 minuto\" \/>\n<script type=\"application\/ld+json\" class=\"yoast-schema-graph\">{\"@context\":\"https:\\\/\\\/schema.org\",\"@graph\":[{\"@type\":\"Article\",\"@id\":\"https:\\\/\\\/www.alfergestion.com\\\/en\\\/nuevo-reta\\\/#article\",\"isPartOf\":{\"@id\":\"https:\\\/\\\/www.alfergestion.com\\\/en\\\/nuevo-reta\\\/\"},\"author\":{\"name\":\"alferadmin\",\"@id\":\"https:\\\/\\\/www.alfergestion.com\\\/en\\\/#\\\/schema\\\/person\\\/d3f322bf29ae439b372d4e705af4ae89\"},\"headline\":\"Nuevo sistema de cotizaci\u00f3n para los Aut\u00f3nomos\",\"datePublished\":\"2022-07-27T11:42:46+00:00\",\"dateModified\":\"2023-04-07T01:32:10+00:00\",\"mainEntityOfPage\":{\"@id\":\"https:\\\/\\\/www.alfergestion.com\\\/en\\\/nuevo-reta\\\/\"},\"wordCount\":101,\"commentCount\":0,\"publisher\":{\"@id\":\"https:\\\/\\\/www.alfergestion.com\\\/en\\\/#organization\"},\"image\":{\"@id\":\"https:\\\/\\\/www.alfergestion.com\\\/en\\\/nuevo-reta\\\/#primaryimage\"},\"thumbnailUrl\":\"https:\\\/\\\/www.alfergestion.com\\\/en\\\/wp-content\\\/uploads\\\/2023\\\/04\\\/Nueva-cotizacion-RETA.jpg\",\"articleSection\":[\"Actualidad\",\"Fincas\",\"Laboral\",\"Noticias\"],\"inLanguage\":\"es\",\"potentialAction\":[{\"@type\":\"CommentAction\",\"name\":\"Comment\",\"target\":[\"https:\\\/\\\/www.alfergestion.com\\\/en\\\/nuevo-reta\\\/#respond\"]}]},{\"@type\":\"WebPage\",\"@id\":\"https:\\\/\\\/www.alfergestion.com\\\/en\\\/nuevo-reta\\\/\",\"url\":\"https:\\\/\\\/www.alfergestion.com\\\/en\\\/nuevo-reta\\\/\",\"name\":\"Nuevo sistema de cotizaci\u00f3n para los Aut\u00f3nomos -\",\"isPartOf\":{\"@id\":\"https:\\\/\\\/www.alfergestion.com\\\/en\\\/#website\"},\"primaryImageOfPage\":{\"@id\":\"https:\\\/\\\/www.alfergestion.com\\\/en\\\/nuevo-reta\\\/#primaryimage\"},\"image\":{\"@id\":\"https:\\\/\\\/www.alfergestion.com\\\/en\\\/nuevo-reta\\\/#primaryimage\"},\"thumbnailUrl\":\"https:\\\/\\\/www.alfergestion.com\\\/en\\\/wp-content\\\/uploads\\\/2023\\\/04\\\/Nueva-cotizacion-RETA.jpg\",\"datePublished\":\"2022-07-27T11:42:46+00:00\",\"dateModified\":\"2023-04-07T01:32:10+00:00\",\"breadcrumb\":{\"@id\":\"https:\\\/\\\/www.alfergestion.com\\\/en\\\/nuevo-reta\\\/#breadcrumb\"},\"inLanguage\":\"es\",\"potentialAction\":[{\"@type\":\"ReadAction\",\"target\":[\"https:\\\/\\\/www.alfergestion.com\\\/en\\\/nuevo-reta\\\/\"]}]},{\"@type\":\"ImageObject\",\"inLanguage\":\"es\",\"@id\":\"https:\\\/\\\/www.alfergestion.com\\\/en\\\/nuevo-reta\\\/#primaryimage\",\"url\":\"https:\\\/\\\/www.alfergestion.com\\\/en\\\/wp-content\\\/uploads\\\/2023\\\/04\\\/Nueva-cotizacion-RETA.jpg\",\"contentUrl\":\"https:\\\/\\\/www.alfergestion.com\\\/en\\\/wp-content\\\/uploads\\\/2023\\\/04\\\/Nueva-cotizacion-RETA.jpg\",\"width\":960,\"height\":480},{\"@type\":\"BreadcrumbList\",\"@id\":\"https:\\\/\\\/www.alfergestion.com\\\/en\\\/nuevo-reta\\\/#breadcrumb\",\"itemListElement\":[{\"@type\":\"ListItem\",\"position\":1,\"name\":\"Portada\",\"item\":\"https:\\\/\\\/www.alfergestion.com\\\/en\\\/\"},{\"@type\":\"ListItem\",\"position\":2,\"name\":\"Nuevo sistema de cotizaci\u00f3n para los Aut\u00f3nomos\"}]},{\"@type\":\"WebSite\",\"@id\":\"https:\\\/\\\/www.alfergestion.com\\\/en\\\/#website\",\"url\":\"https:\\\/\\\/www.alfergestion.com\\\/en\\\/\",\"name\":\"ALFER GESTION\",\"description\":\"asesoramiento integral a particulares, aut\u00f3nomos, pymes y empresas, mediante una atenci\u00f3n personalizada y eficiente a nuestros clientes.\",\"publisher\":{\"@id\":\"https:\\\/\\\/www.alfergestion.com\\\/en\\\/#organization\"},\"potentialAction\":[{\"@type\":\"SearchAction\",\"target\":{\"@type\":\"EntryPoint\",\"urlTemplate\":\"https:\\\/\\\/www.alfergestion.com\\\/en\\\/?s={search_term_string}\"},\"query-input\":{\"@type\":\"PropertyValueSpecification\",\"valueRequired\":true,\"valueName\":\"search_term_string\"}}],\"inLanguage\":\"es\"},{\"@type\":\"Organization\",\"@id\":\"https:\\\/\\\/www.alfergestion.com\\\/en\\\/#organization\",\"name\":\"ALFER GESTION\",\"url\":\"https:\\\/\\\/www.alfergestion.com\\\/en\\\/\",\"logo\":{\"@type\":\"ImageObject\",\"inLanguage\":\"es\",\"@id\":\"https:\\\/\\\/www.alfergestion.com\\\/en\\\/#\\\/schema\\\/logo\\\/image\\\/\",\"url\":\"https:\\\/\\\/www.alfergestion.com\\\/en\\\/wp-content\\\/uploads\\\/2023\\\/02\\\/alferGestion-logo.jpg\",\"contentUrl\":\"https:\\\/\\\/www.alfergestion.com\\\/en\\\/wp-content\\\/uploads\\\/2023\\\/02\\\/alferGestion-logo.jpg\",\"width\":141,\"height\":68,\"caption\":\"ALFER GESTION\"},\"image\":{\"@id\":\"https:\\\/\\\/www.alfergestion.com\\\/en\\\/#\\\/schema\\\/logo\\\/image\\\/\"},\"sameAs\":[\"https:\\\/\\\/www.facebook.com\\\/alfergestion\",\"https:\\\/\\\/x.com\\\/alfergestion\",\"https:\\\/\\\/www.linkedin.com\\\/company\\\/alfer-gestion\\\/\",\"https:\\\/\\\/www.instagram.com\\\/alfergestion\\\/\"]},{\"@type\":\"Person\",\"@id\":\"https:\\\/\\\/www.alfergestion.com\\\/en\\\/#\\\/schema\\\/person\\\/d3f322bf29ae439b372d4e705af4ae89\",\"name\":\"alferadmin\",\"image\":{\"@type\":\"ImageObject\",\"inLanguage\":\"es\",\"@id\":\"https:\\\/\\\/secure.gravatar.com\\\/avatar\\\/68e47f947b7f0f36522078aa6f917ca42807fa3fc361e79365243458d832b1aa?s=96&d=mm&r=g\",\"url\":\"https:\\\/\\\/secure.gravatar.com\\\/avatar\\\/68e47f947b7f0f36522078aa6f917ca42807fa3fc361e79365243458d832b1aa?s=96&d=mm&r=g\",\"contentUrl\":\"https:\\\/\\\/secure.gravatar.com\\\/avatar\\\/68e47f947b7f0f36522078aa6f917ca42807fa3fc361e79365243458d832b1aa?s=96&d=mm&r=g\",\"caption\":\"alferadmin\"},\"sameAs\":[\"http:\\\/\\\/new.alfergestion.com\"],\"url\":\"https:\\\/\\\/www.alfergestion.com\\\/en\\\/author\\\/alferadmin\\\/\"}]}<\/script>\n<!-- \/ Yoast SEO plugin. -->","yoast_head_json":{"title":"Nuevo sistema de cotizaci\u00f3n para los Aut\u00f3nomos -","robots":{"index":"index","follow":"follow","max-snippet":"max-snippet:-1","max-image-preview":"max-image-preview:large","max-video-preview":"max-video-preview:-1"},"canonical":"https:\/\/www.alfergestion.com\/en\/nuevo-reta\/","og_locale":"es_ES","og_type":"article","og_title":"Nuevo sistema de cotizaci\u00f3n para los Aut\u00f3nomos -","og_description":"Hoy se ha publicado el RDL 13\/2022, que aprueba, con vigencia a partir del 1-1-2023, un nuevo sistema de cotizaci\u00f3n de los trabajadores aut\u00f3nomos que obliga a cotizar en funci\u00f3n de los ingresos reales. La implantaci\u00f3n del nuevo sistema comenzar\u00e1 el 1-1-2023 y finalizar\u00e1 en 2032, tras un per\u00edodo transitorio de 9 a\u00f1os. &nbsp; Tiempos &hellip; Continue reading \"Nuevo sistema de cotizaci\u00f3n para los Aut\u00f3nomos\"","og_url":"https:\/\/www.alfergestion.com\/en\/nuevo-reta\/","article_publisher":"https:\/\/www.facebook.com\/alfergestion","article_published_time":"2022-07-27T11:42:46+00:00","article_modified_time":"2023-04-07T01:32:10+00:00","og_image":[{"width":960,"height":480,"url":"https:\/\/www.alfergestion.com\/en\/wp-content\/uploads\/2023\/04\/Nueva-cotizacion-RETA.jpg","type":"image\/jpeg"}],"author":"alferadmin","twitter_card":"summary_large_image","twitter_creator":"@alfergestion","twitter_site":"@alfergestion","twitter_misc":{"Escrito por":"alferadmin","Tiempo de lectura":"1 minuto"},"schema":{"@context":"https:\/\/schema.org","@graph":[{"@type":"Article","@id":"https:\/\/www.alfergestion.com\/en\/nuevo-reta\/#article","isPartOf":{"@id":"https:\/\/www.alfergestion.com\/en\/nuevo-reta\/"},"author":{"name":"alferadmin","@id":"https:\/\/www.alfergestion.com\/en\/#\/schema\/person\/d3f322bf29ae439b372d4e705af4ae89"},"headline":"Nuevo sistema de cotizaci\u00f3n para los Aut\u00f3nomos","datePublished":"2022-07-27T11:42:46+00:00","dateModified":"2023-04-07T01:32:10+00:00","mainEntityOfPage":{"@id":"https:\/\/www.alfergestion.com\/en\/nuevo-reta\/"},"wordCount":101,"commentCount":0,"publisher":{"@id":"https:\/\/www.alfergestion.com\/en\/#organization"},"image":{"@id":"https:\/\/www.alfergestion.com\/en\/nuevo-reta\/#primaryimage"},"thumbnailUrl":"https:\/\/www.alfergestion.com\/en\/wp-content\/uploads\/2023\/04\/Nueva-cotizacion-RETA.jpg","articleSection":["Actualidad","Fincas","Laboral","Noticias"],"inLanguage":"es","potentialAction":[{"@type":"CommentAction","name":"Comment","target":["https:\/\/www.alfergestion.com\/en\/nuevo-reta\/#respond"]}]},{"@type":"WebPage","@id":"https:\/\/www.alfergestion.com\/en\/nuevo-reta\/","url":"https:\/\/www.alfergestion.com\/en\/nuevo-reta\/","name":"Nuevo sistema de cotizaci\u00f3n para los Aut\u00f3nomos -","isPartOf":{"@id":"https:\/\/www.alfergestion.com\/en\/#website"},"primaryImageOfPage":{"@id":"https:\/\/www.alfergestion.com\/en\/nuevo-reta\/#primaryimage"},"image":{"@id":"https:\/\/www.alfergestion.com\/en\/nuevo-reta\/#primaryimage"},"thumbnailUrl":"https:\/\/www.alfergestion.com\/en\/wp-content\/uploads\/2023\/04\/Nueva-cotizacion-RETA.jpg","datePublished":"2022-07-27T11:42:46+00:00","dateModified":"2023-04-07T01:32:10+00:00","breadcrumb":{"@id":"https:\/\/www.alfergestion.com\/en\/nuevo-reta\/#breadcrumb"},"inLanguage":"es","potentialAction":[{"@type":"ReadAction","target":["https:\/\/www.alfergestion.com\/en\/nuevo-reta\/"]}]},{"@type":"ImageObject","inLanguage":"es","@id":"https:\/\/www.alfergestion.com\/en\/nuevo-reta\/#primaryimage","url":"https:\/\/www.alfergestion.com\/en\/wp-content\/uploads\/2023\/04\/Nueva-cotizacion-RETA.jpg","contentUrl":"https:\/\/www.alfergestion.com\/en\/wp-content\/uploads\/2023\/04\/Nueva-cotizacion-RETA.jpg","width":960,"height":480},{"@type":"BreadcrumbList","@id":"https:\/\/www.alfergestion.com\/en\/nuevo-reta\/#breadcrumb","itemListElement":[{"@type":"ListItem","position":1,"name":"Portada","item":"https:\/\/www.alfergestion.com\/en\/"},{"@type":"ListItem","position":2,"name":"Nuevo sistema de cotizaci\u00f3n para los Aut\u00f3nomos"}]},{"@type":"WebSite","@id":"https:\/\/www.alfergestion.com\/en\/#website","url":"https:\/\/www.alfergestion.com\/en\/","name":"ALFER GESTION","description":"asesoramiento integral a particulares, aut\u00f3nomos, pymes y empresas, mediante una atenci\u00f3n personalizada y eficiente a nuestros clientes.","publisher":{"@id":"https:\/\/www.alfergestion.com\/en\/#organization"},"potentialAction":[{"@type":"SearchAction","target":{"@type":"EntryPoint","urlTemplate":"https:\/\/www.alfergestion.com\/en\/?s={search_term_string}"},"query-input":{"@type":"PropertyValueSpecification","valueRequired":true,"valueName":"search_term_string"}}],"inLanguage":"es"},{"@type":"Organization","@id":"https:\/\/www.alfergestion.com\/en\/#organization","name":"ALFER GESTION","url":"https:\/\/www.alfergestion.com\/en\/","logo":{"@type":"ImageObject","inLanguage":"es","@id":"https:\/\/www.alfergestion.com\/en\/#\/schema\/logo\/image\/","url":"https:\/\/www.alfergestion.com\/en\/wp-content\/uploads\/2023\/02\/alferGestion-logo.jpg","contentUrl":"https:\/\/www.alfergestion.com\/en\/wp-content\/uploads\/2023\/02\/alferGestion-logo.jpg","width":141,"height":68,"caption":"ALFER GESTION"},"image":{"@id":"https:\/\/www.alfergestion.com\/en\/#\/schema\/logo\/image\/"},"sameAs":["https:\/\/www.facebook.com\/alfergestion","https:\/\/x.com\/alfergestion","https:\/\/www.linkedin.com\/company\/alfer-gestion\/","https:\/\/www.instagram.com\/alfergestion\/"]},{"@type":"Person","@id":"https:\/\/www.alfergestion.com\/en\/#\/schema\/person\/d3f322bf29ae439b372d4e705af4ae89","name":"alferadmin","image":{"@type":"ImageObject","inLanguage":"es","@id":"https:\/\/secure.gravatar.com\/avatar\/68e47f947b7f0f36522078aa6f917ca42807fa3fc361e79365243458d832b1aa?s=96&d=mm&r=g","url":"https:\/\/secure.gravatar.com\/avatar\/68e47f947b7f0f36522078aa6f917ca42807fa3fc361e79365243458d832b1aa?s=96&d=mm&r=g","contentUrl":"https:\/\/secure.gravatar.com\/avatar\/68e47f947b7f0f36522078aa6f917ca42807fa3fc361e79365243458d832b1aa?s=96&d=mm&r=g","caption":"alferadmin"},"sameAs":["http:\/\/new.alfergestion.com"],"url":"https:\/\/www.alfergestion.com\/en\/author\/alferadmin\/"}]}},"_links":{"self":[{"href":"https:\/\/www.alfergestion.com\/en\/wp-json\/wp\/v2\/posts\/147","targetHints":{"allow":["GET"]}}],"collection":[{"href":"https:\/\/www.alfergestion.com\/en\/wp-json\/wp\/v2\/posts"}],"about":[{"href":"https:\/\/www.alfergestion.com\/en\/wp-json\/wp\/v2\/types\/post"}],"author":[{"embeddable":true,"href":"https:\/\/www.alfergestion.com\/en\/wp-json\/wp\/v2\/users\/1"}],"replies":[{"embeddable":true,"href":"https:\/\/www.alfergestion.com\/en\/wp-json\/wp\/v2\/comments?post=147"}],"version-history":[{"count":5,"href":"https:\/\/www.alfergestion.com\/en\/wp-json\/wp\/v2\/posts\/147\/revisions"}],"predecessor-version":[{"id":327,"href":"https:\/\/www.alfergestion.com\/en\/wp-json\/wp\/v2\/posts\/147\/revisions\/327"}],"wp:featuredmedia":[{"embeddable":true,"href":"https:\/\/www.alfergestion.com\/en\/wp-json\/wp\/v2\/media\/369"}],"wp:attachment":[{"href":"https:\/\/www.alfergestion.com\/en\/wp-json\/wp\/v2\/media?parent=147"}],"wp:term":[{"taxonomy":"category","embeddable":true,"href":"https:\/\/www.alfergestion.com\/en\/wp-json\/wp\/v2\/categories?post=147"},{"taxonomy":"post_tag","embeddable":true,"href":"https:\/\/www.alfergestion.com\/en\/wp-json\/wp\/v2\/tags?post=147"}],"curies":[{"name":"wp","href":"https:\/\/api.w.org\/{rel}","templated":true}]}}