{"id":149,"date":"2022-08-02T11:43:07","date_gmt":"2022-08-02T11:43:07","guid":{"rendered":"https:\/\/new.alfergestion.com\/?p=149"},"modified":"2023-04-07T01:34:00","modified_gmt":"2023-04-07T01:34:00","slug":"restricciones-energia","status":"publish","type":"post","link":"https:\/\/www.alfergestion.com\/en\/restricciones-energia\/","title":{"rendered":"Comienzan las restricciones"},"content":{"rendered":"<p>Tras la sandez de las corbatas, y entre Audis, SuperPumas y Falcon, hoy se publica en el BOE el nuevo Real Decreto-ley con el que comienzan las restricciones energ\u00e9ticas en Espa\u00f1a, con un plazo de una semana para adaptarse y vigencia hasta el 1-11-2023. Una regulaci\u00f3n por la que se establecen las temperaturas m\u00e1ximas y m\u00ednimas en los locales (27\u00ba en verano y m\u00e1ximo 19\u00aa en invierno), la obligaci\u00f3n de cierre autom\u00e1tico de estos, y la prohibici\u00f3n de iluminar escaparates a partir de las 22 horas.<\/p>\n<p>&nbsp;<\/p>\n<p>Tampoco el COVID nos iba a afectar\u2026 Disfruten las vacaciones, y prepar\u00e9monos para una dura vuelta.<\/p>\n<p>&nbsp;<\/p>\n<p><a title=\"\" href=\"http:\/\/new.alfergestion.com\/wp-content\/uploads\/2023\/02\/2022-08-02-BOE-ahorro-luz.pdf\" target=\"_blank\" rel=\"noopener\">\u2192 Ver texto completo Real Decreto ley 14\/2022<\/a><\/p>\n<p><a title=\"\" href=\"https:\/\/www.libremercado.com\/2022-08-01\/el-gobierno-interviene-los-termometros-las-puertas-y-las-luces-de-los-establecimientos-6920579\/\" target=\"_blank\" rel=\"noopener\">\u2192 Ver art\u00edculo en Libre Mercado<\/a><\/p>\n","protected":false},"excerpt":{"rendered":"<p>Tras la sandez de las corbatas, y entre Audis, SuperPumas y Falcon, hoy se publica en el BOE el nuevo Real Decreto-ley con el que comienzan las restricciones energ\u00e9ticas en Espa\u00f1a, con un plazo de una semana para adaptarse y vigencia hasta el 1-11-2023. Una regulaci\u00f3n por la que se establecen las temperaturas m\u00e1ximas y &hellip; <a href=\"https:\/\/www.alfergestion.com\/en\/restricciones-energia\/\" class=\"more-link\">Continue reading<span class=\"screen-reader-text\"> \u00abComienzan las restricciones\u00bb<\/span><\/a><\/p>\n","protected":false},"author":1,"featured_media":376,"comment_status":"open","ping_status":"open","sticky":false,"template":"","format":"standard","meta":{"_acf_changed":false,"footnotes":""},"categories":[7,5,4,1],"tags":[],"class_list":["post-149","post","type-post","status-publish","format-standard","has-post-thumbnail","hentry","category-actualidad","category-fincas","category-fiscal","category-noticias"],"acf":[],"yoast_head":"<!-- This site is optimized with the Yoast SEO plugin v27.5 - https:\/\/yoast.com\/product\/yoast-seo-wordpress\/ -->\n<title>Comienzan las restricciones -<\/title>\n<meta name=\"robots\" content=\"index, follow, max-snippet:-1, max-image-preview:large, max-video-preview:-1\" \/>\n<link rel=\"canonical\" href=\"https:\/\/www.alfergestion.com\/en\/restricciones-energia\/\" \/>\n<meta property=\"og:locale\" content=\"es_ES\" \/>\n<meta property=\"og:type\" content=\"article\" \/>\n<meta property=\"og:title\" content=\"Comienzan las restricciones -\" \/>\n<meta property=\"og:description\" content=\"Tras la sandez de las corbatas, y entre Audis, SuperPumas y Falcon, hoy se publica en el BOE el nuevo Real Decreto-ley con el que comienzan las restricciones energ\u00e9ticas en Espa\u00f1a, con un plazo de una semana para adaptarse y vigencia hasta el 1-11-2023. Una regulaci\u00f3n por la que se establecen las temperaturas m\u00e1ximas y &hellip; Continue reading &quot;Comienzan las restricciones&quot;\" \/>\n<meta property=\"og:url\" content=\"https:\/\/www.alfergestion.com\/en\/restricciones-energia\/\" \/>\n<meta property=\"article:publisher\" content=\"https:\/\/www.facebook.com\/alfergestion\" \/>\n<meta property=\"article:published_time\" content=\"2022-08-02T11:43:07+00:00\" \/>\n<meta property=\"article:modified_time\" content=\"2023-04-07T01:34:00+00:00\" \/>\n<meta property=\"og:image\" content=\"https:\/\/www.alfergestion.com\/en\/wp-content\/uploads\/2023\/04\/Restricciones.jpg\" \/>\n\t<meta property=\"og:image:width\" content=\"960\" \/>\n\t<meta property=\"og:image:height\" content=\"480\" \/>\n\t<meta property=\"og:image:type\" content=\"image\/jpeg\" \/>\n<meta name=\"author\" content=\"alferadmin\" \/>\n<meta name=\"twitter:card\" content=\"summary_large_image\" \/>\n<meta name=\"twitter:creator\" content=\"@alfergestion\" \/>\n<meta name=\"twitter:site\" content=\"@alfergestion\" \/>\n<meta name=\"twitter:label1\" content=\"Escrito por\" \/>\n\t<meta name=\"twitter:data1\" content=\"alferadmin\" \/>\n\t<meta name=\"twitter:label2\" content=\"Tiempo de lectura\" \/>\n\t<meta name=\"twitter:data2\" content=\"1 minuto\" \/>\n<script type=\"application\/ld+json\" class=\"yoast-schema-graph\">{\"@context\":\"https:\\\/\\\/schema.org\",\"@graph\":[{\"@type\":\"Article\",\"@id\":\"https:\\\/\\\/www.alfergestion.com\\\/en\\\/restricciones-energia\\\/#article\",\"isPartOf\":{\"@id\":\"https:\\\/\\\/www.alfergestion.com\\\/en\\\/restricciones-energia\\\/\"},\"author\":{\"name\":\"alferadmin\",\"@id\":\"https:\\\/\\\/www.alfergestion.com\\\/en\\\/#\\\/schema\\\/person\\\/d3f322bf29ae439b372d4e705af4ae89\"},\"headline\":\"Comienzan las restricciones\",\"datePublished\":\"2022-08-02T11:43:07+00:00\",\"dateModified\":\"2023-04-07T01:34:00+00:00\",\"mainEntityOfPage\":{\"@id\":\"https:\\\/\\\/www.alfergestion.com\\\/en\\\/restricciones-energia\\\/\"},\"wordCount\":127,\"commentCount\":0,\"publisher\":{\"@id\":\"https:\\\/\\\/www.alfergestion.com\\\/en\\\/#organization\"},\"image\":{\"@id\":\"https:\\\/\\\/www.alfergestion.com\\\/en\\\/restricciones-energia\\\/#primaryimage\"},\"thumbnailUrl\":\"https:\\\/\\\/www.alfergestion.com\\\/en\\\/wp-content\\\/uploads\\\/2023\\\/04\\\/Restricciones.jpg\",\"articleSection\":[\"Actualidad\",\"Fincas\",\"Fiscal\",\"Noticias\"],\"inLanguage\":\"es\",\"potentialAction\":[{\"@type\":\"CommentAction\",\"name\":\"Comment\",\"target\":[\"https:\\\/\\\/www.alfergestion.com\\\/en\\\/restricciones-energia\\\/#respond\"]}]},{\"@type\":\"WebPage\",\"@id\":\"https:\\\/\\\/www.alfergestion.com\\\/en\\\/restricciones-energia\\\/\",\"url\":\"https:\\\/\\\/www.alfergestion.com\\\/en\\\/restricciones-energia\\\/\",\"name\":\"Comienzan las restricciones -\",\"isPartOf\":{\"@id\":\"https:\\\/\\\/www.alfergestion.com\\\/en\\\/#website\"},\"primaryImageOfPage\":{\"@id\":\"https:\\\/\\\/www.alfergestion.com\\\/en\\\/restricciones-energia\\\/#primaryimage\"},\"image\":{\"@id\":\"https:\\\/\\\/www.alfergestion.com\\\/en\\\/restricciones-energia\\\/#primaryimage\"},\"thumbnailUrl\":\"https:\\\/\\\/www.alfergestion.com\\\/en\\\/wp-content\\\/uploads\\\/2023\\\/04\\\/Restricciones.jpg\",\"datePublished\":\"2022-08-02T11:43:07+00:00\",\"dateModified\":\"2023-04-07T01:34:00+00:00\",\"breadcrumb\":{\"@id\":\"https:\\\/\\\/www.alfergestion.com\\\/en\\\/restricciones-energia\\\/#breadcrumb\"},\"inLanguage\":\"es\",\"potentialAction\":[{\"@type\":\"ReadAction\",\"target\":[\"https:\\\/\\\/www.alfergestion.com\\\/en\\\/restricciones-energia\\\/\"]}]},{\"@type\":\"ImageObject\",\"inLanguage\":\"es\",\"@id\":\"https:\\\/\\\/www.alfergestion.com\\\/en\\\/restricciones-energia\\\/#primaryimage\",\"url\":\"https:\\\/\\\/www.alfergestion.com\\\/en\\\/wp-content\\\/uploads\\\/2023\\\/04\\\/Restricciones.jpg\",\"contentUrl\":\"https:\\\/\\\/www.alfergestion.com\\\/en\\\/wp-content\\\/uploads\\\/2023\\\/04\\\/Restricciones.jpg\",\"width\":960,\"height\":480},{\"@type\":\"BreadcrumbList\",\"@id\":\"https:\\\/\\\/www.alfergestion.com\\\/en\\\/restricciones-energia\\\/#breadcrumb\",\"itemListElement\":[{\"@type\":\"ListItem\",\"position\":1,\"name\":\"Portada\",\"item\":\"https:\\\/\\\/www.alfergestion.com\\\/en\\\/\"},{\"@type\":\"ListItem\",\"position\":2,\"name\":\"Comienzan las restricciones\"}]},{\"@type\":\"WebSite\",\"@id\":\"https:\\\/\\\/www.alfergestion.com\\\/en\\\/#website\",\"url\":\"https:\\\/\\\/www.alfergestion.com\\\/en\\\/\",\"name\":\"ALFER GESTION\",\"description\":\"asesoramiento integral a particulares, aut\u00f3nomos, pymes y empresas, mediante una atenci\u00f3n personalizada y eficiente a nuestros clientes.\",\"publisher\":{\"@id\":\"https:\\\/\\\/www.alfergestion.com\\\/en\\\/#organization\"},\"potentialAction\":[{\"@type\":\"SearchAction\",\"target\":{\"@type\":\"EntryPoint\",\"urlTemplate\":\"https:\\\/\\\/www.alfergestion.com\\\/en\\\/?s={search_term_string}\"},\"query-input\":{\"@type\":\"PropertyValueSpecification\",\"valueRequired\":true,\"valueName\":\"search_term_string\"}}],\"inLanguage\":\"es\"},{\"@type\":\"Organization\",\"@id\":\"https:\\\/\\\/www.alfergestion.com\\\/en\\\/#organization\",\"name\":\"ALFER GESTION\",\"url\":\"https:\\\/\\\/www.alfergestion.com\\\/en\\\/\",\"logo\":{\"@type\":\"ImageObject\",\"inLanguage\":\"es\",\"@id\":\"https:\\\/\\\/www.alfergestion.com\\\/en\\\/#\\\/schema\\\/logo\\\/image\\\/\",\"url\":\"https:\\\/\\\/www.alfergestion.com\\\/en\\\/wp-content\\\/uploads\\\/2023\\\/02\\\/alferGestion-logo.jpg\",\"contentUrl\":\"https:\\\/\\\/www.alfergestion.com\\\/en\\\/wp-content\\\/uploads\\\/2023\\\/02\\\/alferGestion-logo.jpg\",\"width\":141,\"height\":68,\"caption\":\"ALFER GESTION\"},\"image\":{\"@id\":\"https:\\\/\\\/www.alfergestion.com\\\/en\\\/#\\\/schema\\\/logo\\\/image\\\/\"},\"sameAs\":[\"https:\\\/\\\/www.facebook.com\\\/alfergestion\",\"https:\\\/\\\/x.com\\\/alfergestion\",\"https:\\\/\\\/www.linkedin.com\\\/company\\\/alfer-gestion\\\/\",\"https:\\\/\\\/www.instagram.com\\\/alfergestion\\\/\"]},{\"@type\":\"Person\",\"@id\":\"https:\\\/\\\/www.alfergestion.com\\\/en\\\/#\\\/schema\\\/person\\\/d3f322bf29ae439b372d4e705af4ae89\",\"name\":\"alferadmin\",\"image\":{\"@type\":\"ImageObject\",\"inLanguage\":\"es\",\"@id\":\"https:\\\/\\\/secure.gravatar.com\\\/avatar\\\/68e47f947b7f0f36522078aa6f917ca42807fa3fc361e79365243458d832b1aa?s=96&d=mm&r=g\",\"url\":\"https:\\\/\\\/secure.gravatar.com\\\/avatar\\\/68e47f947b7f0f36522078aa6f917ca42807fa3fc361e79365243458d832b1aa?s=96&d=mm&r=g\",\"contentUrl\":\"https:\\\/\\\/secure.gravatar.com\\\/avatar\\\/68e47f947b7f0f36522078aa6f917ca42807fa3fc361e79365243458d832b1aa?s=96&d=mm&r=g\",\"caption\":\"alferadmin\"},\"sameAs\":[\"http:\\\/\\\/new.alfergestion.com\"],\"url\":\"https:\\\/\\\/www.alfergestion.com\\\/en\\\/author\\\/alferadmin\\\/\"}]}<\/script>\n<!-- \/ Yoast SEO plugin. -->","yoast_head_json":{"title":"Comienzan las restricciones -","robots":{"index":"index","follow":"follow","max-snippet":"max-snippet:-1","max-image-preview":"max-image-preview:large","max-video-preview":"max-video-preview:-1"},"canonical":"https:\/\/www.alfergestion.com\/en\/restricciones-energia\/","og_locale":"es_ES","og_type":"article","og_title":"Comienzan las restricciones -","og_description":"Tras la sandez de las corbatas, y entre Audis, SuperPumas y Falcon, hoy se publica en el BOE el nuevo Real Decreto-ley con el que comienzan las restricciones energ\u00e9ticas en Espa\u00f1a, con un plazo de una semana para adaptarse y vigencia hasta el 1-11-2023. Una regulaci\u00f3n por la que se establecen las temperaturas m\u00e1ximas y &hellip; Continue reading \"Comienzan las restricciones\"","og_url":"https:\/\/www.alfergestion.com\/en\/restricciones-energia\/","article_publisher":"https:\/\/www.facebook.com\/alfergestion","article_published_time":"2022-08-02T11:43:07+00:00","article_modified_time":"2023-04-07T01:34:00+00:00","og_image":[{"width":960,"height":480,"url":"https:\/\/www.alfergestion.com\/en\/wp-content\/uploads\/2023\/04\/Restricciones.jpg","type":"image\/jpeg"}],"author":"alferadmin","twitter_card":"summary_large_image","twitter_creator":"@alfergestion","twitter_site":"@alfergestion","twitter_misc":{"Escrito por":"alferadmin","Tiempo de lectura":"1 minuto"},"schema":{"@context":"https:\/\/schema.org","@graph":[{"@type":"Article","@id":"https:\/\/www.alfergestion.com\/en\/restricciones-energia\/#article","isPartOf":{"@id":"https:\/\/www.alfergestion.com\/en\/restricciones-energia\/"},"author":{"name":"alferadmin","@id":"https:\/\/www.alfergestion.com\/en\/#\/schema\/person\/d3f322bf29ae439b372d4e705af4ae89"},"headline":"Comienzan las restricciones","datePublished":"2022-08-02T11:43:07+00:00","dateModified":"2023-04-07T01:34:00+00:00","mainEntityOfPage":{"@id":"https:\/\/www.alfergestion.com\/en\/restricciones-energia\/"},"wordCount":127,"commentCount":0,"publisher":{"@id":"https:\/\/www.alfergestion.com\/en\/#organization"},"image":{"@id":"https:\/\/www.alfergestion.com\/en\/restricciones-energia\/#primaryimage"},"thumbnailUrl":"https:\/\/www.alfergestion.com\/en\/wp-content\/uploads\/2023\/04\/Restricciones.jpg","articleSection":["Actualidad","Fincas","Fiscal","Noticias"],"inLanguage":"es","potentialAction":[{"@type":"CommentAction","name":"Comment","target":["https:\/\/www.alfergestion.com\/en\/restricciones-energia\/#respond"]}]},{"@type":"WebPage","@id":"https:\/\/www.alfergestion.com\/en\/restricciones-energia\/","url":"https:\/\/www.alfergestion.com\/en\/restricciones-energia\/","name":"Comienzan las restricciones -","isPartOf":{"@id":"https:\/\/www.alfergestion.com\/en\/#website"},"primaryImageOfPage":{"@id":"https:\/\/www.alfergestion.com\/en\/restricciones-energia\/#primaryimage"},"image":{"@id":"https:\/\/www.alfergestion.com\/en\/restricciones-energia\/#primaryimage"},"thumbnailUrl":"https:\/\/www.alfergestion.com\/en\/wp-content\/uploads\/2023\/04\/Restricciones.jpg","datePublished":"2022-08-02T11:43:07+00:00","dateModified":"2023-04-07T01:34:00+00:00","breadcrumb":{"@id":"https:\/\/www.alfergestion.com\/en\/restricciones-energia\/#breadcrumb"},"inLanguage":"es","potentialAction":[{"@type":"ReadAction","target":["https:\/\/www.alfergestion.com\/en\/restricciones-energia\/"]}]},{"@type":"ImageObject","inLanguage":"es","@id":"https:\/\/www.alfergestion.com\/en\/restricciones-energia\/#primaryimage","url":"https:\/\/www.alfergestion.com\/en\/wp-content\/uploads\/2023\/04\/Restricciones.jpg","contentUrl":"https:\/\/www.alfergestion.com\/en\/wp-content\/uploads\/2023\/04\/Restricciones.jpg","width":960,"height":480},{"@type":"BreadcrumbList","@id":"https:\/\/www.alfergestion.com\/en\/restricciones-energia\/#breadcrumb","itemListElement":[{"@type":"ListItem","position":1,"name":"Portada","item":"https:\/\/www.alfergestion.com\/en\/"},{"@type":"ListItem","position":2,"name":"Comienzan las restricciones"}]},{"@type":"WebSite","@id":"https:\/\/www.alfergestion.com\/en\/#website","url":"https:\/\/www.alfergestion.com\/en\/","name":"ALFER GESTION","description":"asesoramiento integral a particulares, aut\u00f3nomos, pymes y empresas, mediante una atenci\u00f3n personalizada y eficiente a nuestros clientes.","publisher":{"@id":"https:\/\/www.alfergestion.com\/en\/#organization"},"potentialAction":[{"@type":"SearchAction","target":{"@type":"EntryPoint","urlTemplate":"https:\/\/www.alfergestion.com\/en\/?s={search_term_string}"},"query-input":{"@type":"PropertyValueSpecification","valueRequired":true,"valueName":"search_term_string"}}],"inLanguage":"es"},{"@type":"Organization","@id":"https:\/\/www.alfergestion.com\/en\/#organization","name":"ALFER GESTION","url":"https:\/\/www.alfergestion.com\/en\/","logo":{"@type":"ImageObject","inLanguage":"es","@id":"https:\/\/www.alfergestion.com\/en\/#\/schema\/logo\/image\/","url":"https:\/\/www.alfergestion.com\/en\/wp-content\/uploads\/2023\/02\/alferGestion-logo.jpg","contentUrl":"https:\/\/www.alfergestion.com\/en\/wp-content\/uploads\/2023\/02\/alferGestion-logo.jpg","width":141,"height":68,"caption":"ALFER GESTION"},"image":{"@id":"https:\/\/www.alfergestion.com\/en\/#\/schema\/logo\/image\/"},"sameAs":["https:\/\/www.facebook.com\/alfergestion","https:\/\/x.com\/alfergestion","https:\/\/www.linkedin.com\/company\/alfer-gestion\/","https:\/\/www.instagram.com\/alfergestion\/"]},{"@type":"Person","@id":"https:\/\/www.alfergestion.com\/en\/#\/schema\/person\/d3f322bf29ae439b372d4e705af4ae89","name":"alferadmin","image":{"@type":"ImageObject","inLanguage":"es","@id":"https:\/\/secure.gravatar.com\/avatar\/68e47f947b7f0f36522078aa6f917ca42807fa3fc361e79365243458d832b1aa?s=96&d=mm&r=g","url":"https:\/\/secure.gravatar.com\/avatar\/68e47f947b7f0f36522078aa6f917ca42807fa3fc361e79365243458d832b1aa?s=96&d=mm&r=g","contentUrl":"https:\/\/secure.gravatar.com\/avatar\/68e47f947b7f0f36522078aa6f917ca42807fa3fc361e79365243458d832b1aa?s=96&d=mm&r=g","caption":"alferadmin"},"sameAs":["http:\/\/new.alfergestion.com"],"url":"https:\/\/www.alfergestion.com\/en\/author\/alferadmin\/"}]}},"_links":{"self":[{"href":"https:\/\/www.alfergestion.com\/en\/wp-json\/wp\/v2\/posts\/149","targetHints":{"allow":["GET"]}}],"collection":[{"href":"https:\/\/www.alfergestion.com\/en\/wp-json\/wp\/v2\/posts"}],"about":[{"href":"https:\/\/www.alfergestion.com\/en\/wp-json\/wp\/v2\/types\/post"}],"author":[{"embeddable":true,"href":"https:\/\/www.alfergestion.com\/en\/wp-json\/wp\/v2\/users\/1"}],"replies":[{"embeddable":true,"href":"https:\/\/www.alfergestion.com\/en\/wp-json\/wp\/v2\/comments?post=149"}],"version-history":[{"count":4,"href":"https:\/\/www.alfergestion.com\/en\/wp-json\/wp\/v2\/posts\/149\/revisions"}],"predecessor-version":[{"id":334,"href":"https:\/\/www.alfergestion.com\/en\/wp-json\/wp\/v2\/posts\/149\/revisions\/334"}],"wp:featuredmedia":[{"embeddable":true,"href":"https:\/\/www.alfergestion.com\/en\/wp-json\/wp\/v2\/media\/376"}],"wp:attachment":[{"href":"https:\/\/www.alfergestion.com\/en\/wp-json\/wp\/v2\/media?parent=149"}],"wp:term":[{"taxonomy":"category","embeddable":true,"href":"https:\/\/www.alfergestion.com\/en\/wp-json\/wp\/v2\/categories?post=149"},{"taxonomy":"post_tag","embeddable":true,"href":"https:\/\/www.alfergestion.com\/en\/wp-json\/wp\/v2\/tags?post=149"}],"curies":[{"name":"wp","href":"https:\/\/api.w.org\/{rel}","templated":true}]}}