{"id":153,"date":"2022-09-15T11:43:45","date_gmt":"2022-09-15T11:43:45","guid":{"rendered":"https:\/\/new.alfergestion.com\/?p=153"},"modified":"2023-04-07T01:36:56","modified_gmt":"2023-04-07T01:36:56","slug":"ec-reconocimiento","status":"publish","type":"post","link":"https:\/\/www.alfergestion.com\/en\/ec-reconocimiento\/","title":{"rendered":"Los Expertos Contables solicitar\u00e1n al Gobierno su reconocimiento oficial"},"content":{"rendered":"<p>Ayer se celebr\u00f3 la V Jornada Anual del <a href=\"https:\/\/ec.economistas.es\/rec\/\" target=\"_blank\" rel=\"noopener\">REC]<\/a>, cita a la que asistieron -presencial y virtualmente- m\u00e1s de 500 Expertos Contables, lo que pone de manifiesto tanto la calidad de las ponencias, como el continuo inter\u00e9s por esta figura.<\/p>\n<p>&nbsp;<\/p>\n<p>Tras la asistencia de Alfer Gesti\u00f3n a esta jornada os informamos que los Expertos Contables planean solicitar al Gobierno el reconocimiento oficial de esta figura en Espa\u00f1a, equipar\u00e1ndose as\u00ed al resto de los pa\u00edses comunitarios. Para ello, el <a href=\"https:\/\/ec.economistas.es\/rec\/\" target=\"_blank\" rel=\"noopener\">REC]<\/a>, \u00f3rgano perteneciente al Consejo General de Economistas de Espa\u00f1a y al Instituto de Censores Jurados de Cuentas de Espa\u00f1a, se encuentra ultimando una proposici\u00f3n de Ley sobre el reconocimiento y regulaci\u00f3n de las atribuciones profesionales de los Expertos Contables, para su posterior env\u00edo al Ministerio de Asuntos Econ\u00f3micos y Transformaci\u00f3n Digital.<\/p>\n<p>&nbsp;<\/p>\n<p><a title=\"\" href=\"https:\/\/ec.economistas-desarrollo.es\/?mailpoet_router&amp;endpoint=view_in_browser&amp;action=view&amp;data=WzYwNCwiMjBkMDcwOTQ5ODBmIiwyNDksIjA0YTYzNTQ4MTc0OTY0YjE1ZjgyNmZkMDFmMjUxZDZmIiw1MTgsMF0\" target=\"_blank\" rel=\"noopener\">\u2192 Ver Nota de Prensa<\/a><\/p>\n","protected":false},"excerpt":{"rendered":"<p>Ayer se celebr\u00f3 la V Jornada Anual del REC], cita a la que asistieron -presencial y virtualmente- m\u00e1s de 500 Expertos Contables, lo que pone de manifiesto tanto la calidad de las ponencias, como el continuo inter\u00e9s por esta figura. &nbsp; Tras la asistencia de Alfer Gesti\u00f3n a esta jornada os informamos que los Expertos &hellip; <a href=\"https:\/\/www.alfergestion.com\/en\/ec-reconocimiento\/\" class=\"more-link\">Continue reading<span class=\"screen-reader-text\"> \u00abLos Expertos Contables solicitar\u00e1n al Gobierno su reconocimiento oficial\u00bb<\/span><\/a><\/p>\n","protected":false},"author":1,"featured_media":373,"comment_status":"open","ping_status":"open","sticky":false,"template":"","format":"standard","meta":{"_acf_changed":false,"footnotes":""},"categories":[7,4,1],"tags":[],"class_list":["post-153","post","type-post","status-publish","format-standard","has-post-thumbnail","hentry","category-actualidad","category-fiscal","category-noticias"],"acf":[],"yoast_head":"<!-- This site is optimized with the Yoast SEO plugin v27.5 - https:\/\/yoast.com\/product\/yoast-seo-wordpress\/ -->\n<title>Los Expertos Contables solicitar\u00e1n al Gobierno su reconocimiento oficial -<\/title>\n<meta name=\"robots\" content=\"index, follow, max-snippet:-1, max-image-preview:large, max-video-preview:-1\" \/>\n<link rel=\"canonical\" href=\"https:\/\/www.alfergestion.com\/en\/ec-reconocimiento\/\" \/>\n<meta property=\"og:locale\" content=\"es_ES\" \/>\n<meta property=\"og:type\" content=\"article\" \/>\n<meta property=\"og:title\" content=\"Los Expertos Contables solicitar\u00e1n al Gobierno su reconocimiento oficial -\" \/>\n<meta property=\"og:description\" content=\"Ayer se celebr\u00f3 la V Jornada Anual del REC], cita a la que asistieron -presencial y virtualmente- m\u00e1s de 500 Expertos Contables, lo que pone de manifiesto tanto la calidad de las ponencias, como el continuo inter\u00e9s por esta figura. &nbsp; Tras la asistencia de Alfer Gesti\u00f3n a esta jornada os informamos que los Expertos &hellip; Continue reading &quot;Los Expertos Contables solicitar\u00e1n al Gobierno su reconocimiento oficial&quot;\" \/>\n<meta property=\"og:url\" content=\"https:\/\/www.alfergestion.com\/en\/ec-reconocimiento\/\" \/>\n<meta property=\"article:publisher\" content=\"https:\/\/www.facebook.com\/alfergestion\" \/>\n<meta property=\"article:published_time\" content=\"2022-09-15T11:43:45+00:00\" \/>\n<meta property=\"article:modified_time\" content=\"2023-04-07T01:36:56+00:00\" \/>\n<meta property=\"og:image\" content=\"https:\/\/www.alfergestion.com\/en\/wp-content\/uploads\/2023\/04\/REC-V-Jornada.jpg\" \/>\n\t<meta property=\"og:image:width\" content=\"960\" \/>\n\t<meta property=\"og:image:height\" content=\"480\" \/>\n\t<meta property=\"og:image:type\" content=\"image\/jpeg\" \/>\n<meta name=\"author\" content=\"alferadmin\" \/>\n<meta name=\"twitter:card\" content=\"summary_large_image\" \/>\n<meta name=\"twitter:creator\" content=\"@alfergestion\" \/>\n<meta name=\"twitter:site\" content=\"@alfergestion\" \/>\n<meta name=\"twitter:label1\" content=\"Escrito por\" \/>\n\t<meta name=\"twitter:data1\" content=\"alferadmin\" \/>\n\t<meta name=\"twitter:label2\" content=\"Tiempo de lectura\" \/>\n\t<meta name=\"twitter:data2\" content=\"1 minuto\" \/>\n<script type=\"application\/ld+json\" class=\"yoast-schema-graph\">{\"@context\":\"https:\\\/\\\/schema.org\",\"@graph\":[{\"@type\":\"Article\",\"@id\":\"https:\\\/\\\/www.alfergestion.com\\\/en\\\/ec-reconocimiento\\\/#article\",\"isPartOf\":{\"@id\":\"https:\\\/\\\/www.alfergestion.com\\\/en\\\/ec-reconocimiento\\\/\"},\"author\":{\"name\":\"alferadmin\",\"@id\":\"https:\\\/\\\/www.alfergestion.com\\\/en\\\/#\\\/schema\\\/person\\\/d3f322bf29ae439b372d4e705af4ae89\"},\"headline\":\"Los Expertos Contables solicitar\u00e1n al Gobierno su reconocimiento oficial\",\"datePublished\":\"2022-09-15T11:43:45+00:00\",\"dateModified\":\"2023-04-07T01:36:56+00:00\",\"mainEntityOfPage\":{\"@id\":\"https:\\\/\\\/www.alfergestion.com\\\/en\\\/ec-reconocimiento\\\/\"},\"wordCount\":158,\"commentCount\":0,\"publisher\":{\"@id\":\"https:\\\/\\\/www.alfergestion.com\\\/en\\\/#organization\"},\"image\":{\"@id\":\"https:\\\/\\\/www.alfergestion.com\\\/en\\\/ec-reconocimiento\\\/#primaryimage\"},\"thumbnailUrl\":\"https:\\\/\\\/www.alfergestion.com\\\/en\\\/wp-content\\\/uploads\\\/2023\\\/04\\\/REC-V-Jornada.jpg\",\"articleSection\":[\"Actualidad\",\"Fiscal\",\"Noticias\"],\"inLanguage\":\"es\",\"potentialAction\":[{\"@type\":\"CommentAction\",\"name\":\"Comment\",\"target\":[\"https:\\\/\\\/www.alfergestion.com\\\/en\\\/ec-reconocimiento\\\/#respond\"]}]},{\"@type\":\"WebPage\",\"@id\":\"https:\\\/\\\/www.alfergestion.com\\\/en\\\/ec-reconocimiento\\\/\",\"url\":\"https:\\\/\\\/www.alfergestion.com\\\/en\\\/ec-reconocimiento\\\/\",\"name\":\"Los Expertos Contables solicitar\u00e1n al Gobierno su reconocimiento oficial -\",\"isPartOf\":{\"@id\":\"https:\\\/\\\/www.alfergestion.com\\\/en\\\/#website\"},\"primaryImageOfPage\":{\"@id\":\"https:\\\/\\\/www.alfergestion.com\\\/en\\\/ec-reconocimiento\\\/#primaryimage\"},\"image\":{\"@id\":\"https:\\\/\\\/www.alfergestion.com\\\/en\\\/ec-reconocimiento\\\/#primaryimage\"},\"thumbnailUrl\":\"https:\\\/\\\/www.alfergestion.com\\\/en\\\/wp-content\\\/uploads\\\/2023\\\/04\\\/REC-V-Jornada.jpg\",\"datePublished\":\"2022-09-15T11:43:45+00:00\",\"dateModified\":\"2023-04-07T01:36:56+00:00\",\"breadcrumb\":{\"@id\":\"https:\\\/\\\/www.alfergestion.com\\\/en\\\/ec-reconocimiento\\\/#breadcrumb\"},\"inLanguage\":\"es\",\"potentialAction\":[{\"@type\":\"ReadAction\",\"target\":[\"https:\\\/\\\/www.alfergestion.com\\\/en\\\/ec-reconocimiento\\\/\"]}]},{\"@type\":\"ImageObject\",\"inLanguage\":\"es\",\"@id\":\"https:\\\/\\\/www.alfergestion.com\\\/en\\\/ec-reconocimiento\\\/#primaryimage\",\"url\":\"https:\\\/\\\/www.alfergestion.com\\\/en\\\/wp-content\\\/uploads\\\/2023\\\/04\\\/REC-V-Jornada.jpg\",\"contentUrl\":\"https:\\\/\\\/www.alfergestion.com\\\/en\\\/wp-content\\\/uploads\\\/2023\\\/04\\\/REC-V-Jornada.jpg\",\"width\":960,\"height\":480},{\"@type\":\"BreadcrumbList\",\"@id\":\"https:\\\/\\\/www.alfergestion.com\\\/en\\\/ec-reconocimiento\\\/#breadcrumb\",\"itemListElement\":[{\"@type\":\"ListItem\",\"position\":1,\"name\":\"Portada\",\"item\":\"https:\\\/\\\/www.alfergestion.com\\\/en\\\/\"},{\"@type\":\"ListItem\",\"position\":2,\"name\":\"Los Expertos Contables solicitar\u00e1n al Gobierno su reconocimiento oficial\"}]},{\"@type\":\"WebSite\",\"@id\":\"https:\\\/\\\/www.alfergestion.com\\\/en\\\/#website\",\"url\":\"https:\\\/\\\/www.alfergestion.com\\\/en\\\/\",\"name\":\"ALFER GESTION\",\"description\":\"asesoramiento integral a particulares, aut\u00f3nomos, pymes y empresas, mediante una atenci\u00f3n personalizada y eficiente a nuestros clientes.\",\"publisher\":{\"@id\":\"https:\\\/\\\/www.alfergestion.com\\\/en\\\/#organization\"},\"potentialAction\":[{\"@type\":\"SearchAction\",\"target\":{\"@type\":\"EntryPoint\",\"urlTemplate\":\"https:\\\/\\\/www.alfergestion.com\\\/en\\\/?s={search_term_string}\"},\"query-input\":{\"@type\":\"PropertyValueSpecification\",\"valueRequired\":true,\"valueName\":\"search_term_string\"}}],\"inLanguage\":\"es\"},{\"@type\":\"Organization\",\"@id\":\"https:\\\/\\\/www.alfergestion.com\\\/en\\\/#organization\",\"name\":\"ALFER GESTION\",\"url\":\"https:\\\/\\\/www.alfergestion.com\\\/en\\\/\",\"logo\":{\"@type\":\"ImageObject\",\"inLanguage\":\"es\",\"@id\":\"https:\\\/\\\/www.alfergestion.com\\\/en\\\/#\\\/schema\\\/logo\\\/image\\\/\",\"url\":\"https:\\\/\\\/www.alfergestion.com\\\/en\\\/wp-content\\\/uploads\\\/2023\\\/02\\\/alferGestion-logo.jpg\",\"contentUrl\":\"https:\\\/\\\/www.alfergestion.com\\\/en\\\/wp-content\\\/uploads\\\/2023\\\/02\\\/alferGestion-logo.jpg\",\"width\":141,\"height\":68,\"caption\":\"ALFER GESTION\"},\"image\":{\"@id\":\"https:\\\/\\\/www.alfergestion.com\\\/en\\\/#\\\/schema\\\/logo\\\/image\\\/\"},\"sameAs\":[\"https:\\\/\\\/www.facebook.com\\\/alfergestion\",\"https:\\\/\\\/x.com\\\/alfergestion\",\"https:\\\/\\\/www.linkedin.com\\\/company\\\/alfer-gestion\\\/\",\"https:\\\/\\\/www.instagram.com\\\/alfergestion\\\/\"]},{\"@type\":\"Person\",\"@id\":\"https:\\\/\\\/www.alfergestion.com\\\/en\\\/#\\\/schema\\\/person\\\/d3f322bf29ae439b372d4e705af4ae89\",\"name\":\"alferadmin\",\"image\":{\"@type\":\"ImageObject\",\"inLanguage\":\"es\",\"@id\":\"https:\\\/\\\/secure.gravatar.com\\\/avatar\\\/68e47f947b7f0f36522078aa6f917ca42807fa3fc361e79365243458d832b1aa?s=96&d=mm&r=g\",\"url\":\"https:\\\/\\\/secure.gravatar.com\\\/avatar\\\/68e47f947b7f0f36522078aa6f917ca42807fa3fc361e79365243458d832b1aa?s=96&d=mm&r=g\",\"contentUrl\":\"https:\\\/\\\/secure.gravatar.com\\\/avatar\\\/68e47f947b7f0f36522078aa6f917ca42807fa3fc361e79365243458d832b1aa?s=96&d=mm&r=g\",\"caption\":\"alferadmin\"},\"sameAs\":[\"http:\\\/\\\/new.alfergestion.com\"],\"url\":\"https:\\\/\\\/www.alfergestion.com\\\/en\\\/author\\\/alferadmin\\\/\"}]}<\/script>\n<!-- \/ Yoast SEO plugin. -->","yoast_head_json":{"title":"Los Expertos Contables solicitar\u00e1n al Gobierno su reconocimiento oficial -","robots":{"index":"index","follow":"follow","max-snippet":"max-snippet:-1","max-image-preview":"max-image-preview:large","max-video-preview":"max-video-preview:-1"},"canonical":"https:\/\/www.alfergestion.com\/en\/ec-reconocimiento\/","og_locale":"es_ES","og_type":"article","og_title":"Los Expertos Contables solicitar\u00e1n al Gobierno su reconocimiento oficial -","og_description":"Ayer se celebr\u00f3 la V Jornada Anual del REC], cita a la que asistieron -presencial y virtualmente- m\u00e1s de 500 Expertos Contables, lo que pone de manifiesto tanto la calidad de las ponencias, como el continuo inter\u00e9s por esta figura. &nbsp; Tras la asistencia de Alfer Gesti\u00f3n a esta jornada os informamos que los Expertos &hellip; Continue reading \"Los Expertos Contables solicitar\u00e1n al Gobierno su reconocimiento oficial\"","og_url":"https:\/\/www.alfergestion.com\/en\/ec-reconocimiento\/","article_publisher":"https:\/\/www.facebook.com\/alfergestion","article_published_time":"2022-09-15T11:43:45+00:00","article_modified_time":"2023-04-07T01:36:56+00:00","og_image":[{"width":960,"height":480,"url":"https:\/\/www.alfergestion.com\/en\/wp-content\/uploads\/2023\/04\/REC-V-Jornada.jpg","type":"image\/jpeg"}],"author":"alferadmin","twitter_card":"summary_large_image","twitter_creator":"@alfergestion","twitter_site":"@alfergestion","twitter_misc":{"Escrito por":"alferadmin","Tiempo de lectura":"1 minuto"},"schema":{"@context":"https:\/\/schema.org","@graph":[{"@type":"Article","@id":"https:\/\/www.alfergestion.com\/en\/ec-reconocimiento\/#article","isPartOf":{"@id":"https:\/\/www.alfergestion.com\/en\/ec-reconocimiento\/"},"author":{"name":"alferadmin","@id":"https:\/\/www.alfergestion.com\/en\/#\/schema\/person\/d3f322bf29ae439b372d4e705af4ae89"},"headline":"Los Expertos Contables solicitar\u00e1n al Gobierno su reconocimiento oficial","datePublished":"2022-09-15T11:43:45+00:00","dateModified":"2023-04-07T01:36:56+00:00","mainEntityOfPage":{"@id":"https:\/\/www.alfergestion.com\/en\/ec-reconocimiento\/"},"wordCount":158,"commentCount":0,"publisher":{"@id":"https:\/\/www.alfergestion.com\/en\/#organization"},"image":{"@id":"https:\/\/www.alfergestion.com\/en\/ec-reconocimiento\/#primaryimage"},"thumbnailUrl":"https:\/\/www.alfergestion.com\/en\/wp-content\/uploads\/2023\/04\/REC-V-Jornada.jpg","articleSection":["Actualidad","Fiscal","Noticias"],"inLanguage":"es","potentialAction":[{"@type":"CommentAction","name":"Comment","target":["https:\/\/www.alfergestion.com\/en\/ec-reconocimiento\/#respond"]}]},{"@type":"WebPage","@id":"https:\/\/www.alfergestion.com\/en\/ec-reconocimiento\/","url":"https:\/\/www.alfergestion.com\/en\/ec-reconocimiento\/","name":"Los Expertos Contables solicitar\u00e1n al Gobierno su reconocimiento oficial -","isPartOf":{"@id":"https:\/\/www.alfergestion.com\/en\/#website"},"primaryImageOfPage":{"@id":"https:\/\/www.alfergestion.com\/en\/ec-reconocimiento\/#primaryimage"},"image":{"@id":"https:\/\/www.alfergestion.com\/en\/ec-reconocimiento\/#primaryimage"},"thumbnailUrl":"https:\/\/www.alfergestion.com\/en\/wp-content\/uploads\/2023\/04\/REC-V-Jornada.jpg","datePublished":"2022-09-15T11:43:45+00:00","dateModified":"2023-04-07T01:36:56+00:00","breadcrumb":{"@id":"https:\/\/www.alfergestion.com\/en\/ec-reconocimiento\/#breadcrumb"},"inLanguage":"es","potentialAction":[{"@type":"ReadAction","target":["https:\/\/www.alfergestion.com\/en\/ec-reconocimiento\/"]}]},{"@type":"ImageObject","inLanguage":"es","@id":"https:\/\/www.alfergestion.com\/en\/ec-reconocimiento\/#primaryimage","url":"https:\/\/www.alfergestion.com\/en\/wp-content\/uploads\/2023\/04\/REC-V-Jornada.jpg","contentUrl":"https:\/\/www.alfergestion.com\/en\/wp-content\/uploads\/2023\/04\/REC-V-Jornada.jpg","width":960,"height":480},{"@type":"BreadcrumbList","@id":"https:\/\/www.alfergestion.com\/en\/ec-reconocimiento\/#breadcrumb","itemListElement":[{"@type":"ListItem","position":1,"name":"Portada","item":"https:\/\/www.alfergestion.com\/en\/"},{"@type":"ListItem","position":2,"name":"Los Expertos Contables solicitar\u00e1n al Gobierno su reconocimiento oficial"}]},{"@type":"WebSite","@id":"https:\/\/www.alfergestion.com\/en\/#website","url":"https:\/\/www.alfergestion.com\/en\/","name":"ALFER GESTION","description":"asesoramiento integral a particulares, aut\u00f3nomos, pymes y empresas, mediante una atenci\u00f3n personalizada y eficiente a nuestros clientes.","publisher":{"@id":"https:\/\/www.alfergestion.com\/en\/#organization"},"potentialAction":[{"@type":"SearchAction","target":{"@type":"EntryPoint","urlTemplate":"https:\/\/www.alfergestion.com\/en\/?s={search_term_string}"},"query-input":{"@type":"PropertyValueSpecification","valueRequired":true,"valueName":"search_term_string"}}],"inLanguage":"es"},{"@type":"Organization","@id":"https:\/\/www.alfergestion.com\/en\/#organization","name":"ALFER GESTION","url":"https:\/\/www.alfergestion.com\/en\/","logo":{"@type":"ImageObject","inLanguage":"es","@id":"https:\/\/www.alfergestion.com\/en\/#\/schema\/logo\/image\/","url":"https:\/\/www.alfergestion.com\/en\/wp-content\/uploads\/2023\/02\/alferGestion-logo.jpg","contentUrl":"https:\/\/www.alfergestion.com\/en\/wp-content\/uploads\/2023\/02\/alferGestion-logo.jpg","width":141,"height":68,"caption":"ALFER GESTION"},"image":{"@id":"https:\/\/www.alfergestion.com\/en\/#\/schema\/logo\/image\/"},"sameAs":["https:\/\/www.facebook.com\/alfergestion","https:\/\/x.com\/alfergestion","https:\/\/www.linkedin.com\/company\/alfer-gestion\/","https:\/\/www.instagram.com\/alfergestion\/"]},{"@type":"Person","@id":"https:\/\/www.alfergestion.com\/en\/#\/schema\/person\/d3f322bf29ae439b372d4e705af4ae89","name":"alferadmin","image":{"@type":"ImageObject","inLanguage":"es","@id":"https:\/\/secure.gravatar.com\/avatar\/68e47f947b7f0f36522078aa6f917ca42807fa3fc361e79365243458d832b1aa?s=96&d=mm&r=g","url":"https:\/\/secure.gravatar.com\/avatar\/68e47f947b7f0f36522078aa6f917ca42807fa3fc361e79365243458d832b1aa?s=96&d=mm&r=g","contentUrl":"https:\/\/secure.gravatar.com\/avatar\/68e47f947b7f0f36522078aa6f917ca42807fa3fc361e79365243458d832b1aa?s=96&d=mm&r=g","caption":"alferadmin"},"sameAs":["http:\/\/new.alfergestion.com"],"url":"https:\/\/www.alfergestion.com\/en\/author\/alferadmin\/"}]}},"_links":{"self":[{"href":"https:\/\/www.alfergestion.com\/en\/wp-json\/wp\/v2\/posts\/153","targetHints":{"allow":["GET"]}}],"collection":[{"href":"https:\/\/www.alfergestion.com\/en\/wp-json\/wp\/v2\/posts"}],"about":[{"href":"https:\/\/www.alfergestion.com\/en\/wp-json\/wp\/v2\/types\/post"}],"author":[{"embeddable":true,"href":"https:\/\/www.alfergestion.com\/en\/wp-json\/wp\/v2\/users\/1"}],"replies":[{"embeddable":true,"href":"https:\/\/www.alfergestion.com\/en\/wp-json\/wp\/v2\/comments?post=153"}],"version-history":[{"count":4,"href":"https:\/\/www.alfergestion.com\/en\/wp-json\/wp\/v2\/posts\/153\/revisions"}],"predecessor-version":[{"id":337,"href":"https:\/\/www.alfergestion.com\/en\/wp-json\/wp\/v2\/posts\/153\/revisions\/337"}],"wp:featuredmedia":[{"embeddable":true,"href":"https:\/\/www.alfergestion.com\/en\/wp-json\/wp\/v2\/media\/373"}],"wp:attachment":[{"href":"https:\/\/www.alfergestion.com\/en\/wp-json\/wp\/v2\/media?parent=153"}],"wp:term":[{"taxonomy":"category","embeddable":true,"href":"https:\/\/www.alfergestion.com\/en\/wp-json\/wp\/v2\/categories?post=153"},{"taxonomy":"post_tag","embeddable":true,"href":"https:\/\/www.alfergestion.com\/en\/wp-json\/wp\/v2\/tags?post=153"}],"curies":[{"name":"wp","href":"https:\/\/api.w.org\/{rel}","templated":true}]}}