{"id":353,"date":"2023-01-13T00:29:40","date_gmt":"2023-01-13T00:29:40","guid":{"rendered":"https:\/\/new.alfergestion.com\/?p=353"},"modified":"2023-04-07T01:45:20","modified_gmt":"2023-04-07T01:45:20","slug":"novedades-fiscales-2023","status":"publish","type":"post","link":"https:\/\/www.alfergestion.com\/en\/novedades-fiscales-2023\/","title":{"rendered":"Novedades fiscales 2023"},"content":{"rendered":"<p>Comienza un nuevo ejercicio marcado en lo tributario y econ\u00f3mico por ser a\u00f1o electoral, con nuevas medidas fiscales: entre otras, rebaja del IVA de los alimentos, deflaci\u00f3n de los tramos del IRPF, limitaci\u00f3n a la actualizaci\u00f3n de alquileres, impuestos a banca y energ\u00e9ticas, y el precipitado y chapucero a las grandes fortunas. Enero ha arrancado con subidas medias en los precios de entre el 3% y el 4%, lo que unido al Impuesto al Pl\u00e1stico contrarresta el \u201ccheque\u201d y la rebaja del IVA alimentario.<\/p>\n<p>Entre las pocas buenas noticias, pero que no ser\u00e1 realmente efectiva hasta julio de 2024, est\u00e1 la rebaja del tipo de gravamen al 23% para las entidades cuyo importe neto de la cifra de negocios del per\u00edodo impositivo inmediato anterior sea inferior a 1 mill\u00f3n de euros.<\/p>\n<p>Mientras, comienzan a llegar los datos de cierre de 2022, en el que la recaudaci\u00f3n de Hacienda se increment\u00f3 por la inflaci\u00f3n ya en noviembre en m\u00e1s de 33.000 millones de euros, mientras que, como indicador de producci\u00f3n, las matriculaciones caen un 5,4% en 2022 y cierran un tercer a\u00f1o p\u00e9simo para el motor, en el que las ventas de coches el\u00e9ctricos quedan un 35% por debajo de la hoja de ruta del Gobierno.<\/p>\n<p><a title=\"\" href=\"http:\/\/new.alfergestion.com\/wp-content\/uploads\/2023\/04\/2022-12-29-Impuesto-plasticos.pdf\" target=\"_blank\" rel=\"noopener\">\u2192 Ver noticia sobre el Impuesto al Pl\u00e1stico en Cinco D\u00edas<\/a><\/p>\n<p><a title=\"\" href=\"https:\/\/cincodias.elpais.com\/cincodias\/2022\/12\/23\/economia\/1671821061_973291.html\" target=\"_blank\" rel=\"noopener\">\u2192 Ver noticia sobre el incremento de recaudaci\u00f3n de Hacienda<\/a><\/p>\n","protected":false},"excerpt":{"rendered":"<p>Comienza un nuevo ejercicio marcado en lo tributario y econ\u00f3mico por ser a\u00f1o electoral, con nuevas medidas fiscales: entre otras, rebaja del IVA de los alimentos, deflaci\u00f3n de los tramos del IRPF, limitaci\u00f3n a la actualizaci\u00f3n de alquileres, impuestos a banca y energ\u00e9ticas, y el precipitado y chapucero a las grandes fortunas. Enero ha arrancado &hellip; <a href=\"https:\/\/www.alfergestion.com\/en\/novedades-fiscales-2023\/\" class=\"more-link\">Continue reading<span class=\"screen-reader-text\"> \u00abNovedades fiscales 2023\u00bb<\/span><\/a><\/p>\n","protected":false},"author":1,"featured_media":382,"comment_status":"open","ping_status":"open","sticky":false,"template":"","format":"standard","meta":{"_acf_changed":false,"footnotes":""},"categories":[7,5,4,1],"tags":[],"class_list":["post-353","post","type-post","status-publish","format-standard","has-post-thumbnail","hentry","category-actualidad","category-fincas","category-fiscal","category-noticias"],"acf":[],"yoast_head":"<!-- This site is optimized with the Yoast SEO plugin v27.5 - https:\/\/yoast.com\/product\/yoast-seo-wordpress\/ -->\n<title>Novedades fiscales 2023 -<\/title>\n<meta name=\"robots\" content=\"index, follow, max-snippet:-1, max-image-preview:large, max-video-preview:-1\" \/>\n<link rel=\"canonical\" href=\"https:\/\/www.alfergestion.com\/en\/novedades-fiscales-2023\/\" \/>\n<meta property=\"og:locale\" content=\"es_ES\" \/>\n<meta property=\"og:type\" content=\"article\" \/>\n<meta property=\"og:title\" content=\"Novedades fiscales 2023 -\" \/>\n<meta property=\"og:description\" content=\"Comienza un nuevo ejercicio marcado en lo tributario y econ\u00f3mico por ser a\u00f1o electoral, con nuevas medidas fiscales: entre otras, rebaja del IVA de los alimentos, deflaci\u00f3n de los tramos del IRPF, limitaci\u00f3n a la actualizaci\u00f3n de alquileres, impuestos a banca y energ\u00e9ticas, y el precipitado y chapucero a las grandes fortunas. Enero ha arrancado &hellip; Continue reading &quot;Novedades fiscales 2023&quot;\" \/>\n<meta property=\"og:url\" content=\"https:\/\/www.alfergestion.com\/en\/novedades-fiscales-2023\/\" \/>\n<meta property=\"article:publisher\" content=\"https:\/\/www.facebook.com\/alfergestion\" \/>\n<meta property=\"article:published_time\" content=\"2023-01-13T00:29:40+00:00\" \/>\n<meta property=\"article:modified_time\" content=\"2023-04-07T01:45:20+00:00\" \/>\n<meta property=\"og:image\" content=\"https:\/\/www.alfergestion.com\/en\/wp-content\/uploads\/2023\/01\/Novedades-fiscales-2023.jpg\" \/>\n\t<meta property=\"og:image:width\" content=\"960\" \/>\n\t<meta property=\"og:image:height\" content=\"504\" \/>\n\t<meta property=\"og:image:type\" content=\"image\/jpeg\" \/>\n<meta name=\"author\" content=\"alferadmin\" \/>\n<meta name=\"twitter:card\" content=\"summary_large_image\" \/>\n<meta name=\"twitter:creator\" content=\"@alfergestion\" \/>\n<meta name=\"twitter:site\" content=\"@alfergestion\" \/>\n<meta name=\"twitter:label1\" content=\"Escrito por\" \/>\n\t<meta name=\"twitter:data1\" content=\"alferadmin\" \/>\n\t<meta name=\"twitter:label2\" content=\"Tiempo de lectura\" \/>\n\t<meta name=\"twitter:data2\" content=\"2 minutos\" \/>\n<script type=\"application\/ld+json\" class=\"yoast-schema-graph\">{\"@context\":\"https:\\\/\\\/schema.org\",\"@graph\":[{\"@type\":\"Article\",\"@id\":\"https:\\\/\\\/www.alfergestion.com\\\/en\\\/novedades-fiscales-2023\\\/#article\",\"isPartOf\":{\"@id\":\"https:\\\/\\\/www.alfergestion.com\\\/en\\\/novedades-fiscales-2023\\\/\"},\"author\":{\"name\":\"alferadmin\",\"@id\":\"https:\\\/\\\/www.alfergestion.com\\\/en\\\/#\\\/schema\\\/person\\\/d3f322bf29ae439b372d4e705af4ae89\"},\"headline\":\"Novedades fiscales 2023\",\"datePublished\":\"2023-01-13T00:29:40+00:00\",\"dateModified\":\"2023-04-07T01:45:20+00:00\",\"mainEntityOfPage\":{\"@id\":\"https:\\\/\\\/www.alfergestion.com\\\/en\\\/novedades-fiscales-2023\\\/\"},\"wordCount\":235,\"commentCount\":0,\"publisher\":{\"@id\":\"https:\\\/\\\/www.alfergestion.com\\\/en\\\/#organization\"},\"image\":{\"@id\":\"https:\\\/\\\/www.alfergestion.com\\\/en\\\/novedades-fiscales-2023\\\/#primaryimage\"},\"thumbnailUrl\":\"https:\\\/\\\/www.alfergestion.com\\\/en\\\/wp-content\\\/uploads\\\/2023\\\/01\\\/Novedades-fiscales-2023.jpg\",\"articleSection\":[\"Actualidad\",\"Fincas\",\"Fiscal\",\"Noticias\"],\"inLanguage\":\"es\",\"potentialAction\":[{\"@type\":\"CommentAction\",\"name\":\"Comment\",\"target\":[\"https:\\\/\\\/www.alfergestion.com\\\/en\\\/novedades-fiscales-2023\\\/#respond\"]}]},{\"@type\":\"WebPage\",\"@id\":\"https:\\\/\\\/www.alfergestion.com\\\/en\\\/novedades-fiscales-2023\\\/\",\"url\":\"https:\\\/\\\/www.alfergestion.com\\\/en\\\/novedades-fiscales-2023\\\/\",\"name\":\"Novedades fiscales 2023 -\",\"isPartOf\":{\"@id\":\"https:\\\/\\\/www.alfergestion.com\\\/en\\\/#website\"},\"primaryImageOfPage\":{\"@id\":\"https:\\\/\\\/www.alfergestion.com\\\/en\\\/novedades-fiscales-2023\\\/#primaryimage\"},\"image\":{\"@id\":\"https:\\\/\\\/www.alfergestion.com\\\/en\\\/novedades-fiscales-2023\\\/#primaryimage\"},\"thumbnailUrl\":\"https:\\\/\\\/www.alfergestion.com\\\/en\\\/wp-content\\\/uploads\\\/2023\\\/01\\\/Novedades-fiscales-2023.jpg\",\"datePublished\":\"2023-01-13T00:29:40+00:00\",\"dateModified\":\"2023-04-07T01:45:20+00:00\",\"breadcrumb\":{\"@id\":\"https:\\\/\\\/www.alfergestion.com\\\/en\\\/novedades-fiscales-2023\\\/#breadcrumb\"},\"inLanguage\":\"es\",\"potentialAction\":[{\"@type\":\"ReadAction\",\"target\":[\"https:\\\/\\\/www.alfergestion.com\\\/en\\\/novedades-fiscales-2023\\\/\"]}]},{\"@type\":\"ImageObject\",\"inLanguage\":\"es\",\"@id\":\"https:\\\/\\\/www.alfergestion.com\\\/en\\\/novedades-fiscales-2023\\\/#primaryimage\",\"url\":\"https:\\\/\\\/www.alfergestion.com\\\/en\\\/wp-content\\\/uploads\\\/2023\\\/01\\\/Novedades-fiscales-2023.jpg\",\"contentUrl\":\"https:\\\/\\\/www.alfergestion.com\\\/en\\\/wp-content\\\/uploads\\\/2023\\\/01\\\/Novedades-fiscales-2023.jpg\",\"width\":960,\"height\":504},{\"@type\":\"BreadcrumbList\",\"@id\":\"https:\\\/\\\/www.alfergestion.com\\\/en\\\/novedades-fiscales-2023\\\/#breadcrumb\",\"itemListElement\":[{\"@type\":\"ListItem\",\"position\":1,\"name\":\"Portada\",\"item\":\"https:\\\/\\\/www.alfergestion.com\\\/en\\\/\"},{\"@type\":\"ListItem\",\"position\":2,\"name\":\"Novedades fiscales 2023\"}]},{\"@type\":\"WebSite\",\"@id\":\"https:\\\/\\\/www.alfergestion.com\\\/en\\\/#website\",\"url\":\"https:\\\/\\\/www.alfergestion.com\\\/en\\\/\",\"name\":\"ALFER GESTION\",\"description\":\"asesoramiento integral a particulares, aut\u00f3nomos, pymes y empresas, mediante una atenci\u00f3n personalizada y eficiente a nuestros clientes.\",\"publisher\":{\"@id\":\"https:\\\/\\\/www.alfergestion.com\\\/en\\\/#organization\"},\"potentialAction\":[{\"@type\":\"SearchAction\",\"target\":{\"@type\":\"EntryPoint\",\"urlTemplate\":\"https:\\\/\\\/www.alfergestion.com\\\/en\\\/?s={search_term_string}\"},\"query-input\":{\"@type\":\"PropertyValueSpecification\",\"valueRequired\":true,\"valueName\":\"search_term_string\"}}],\"inLanguage\":\"es\"},{\"@type\":\"Organization\",\"@id\":\"https:\\\/\\\/www.alfergestion.com\\\/en\\\/#organization\",\"name\":\"ALFER GESTION\",\"url\":\"https:\\\/\\\/www.alfergestion.com\\\/en\\\/\",\"logo\":{\"@type\":\"ImageObject\",\"inLanguage\":\"es\",\"@id\":\"https:\\\/\\\/www.alfergestion.com\\\/en\\\/#\\\/schema\\\/logo\\\/image\\\/\",\"url\":\"https:\\\/\\\/www.alfergestion.com\\\/en\\\/wp-content\\\/uploads\\\/2023\\\/02\\\/alferGestion-logo.jpg\",\"contentUrl\":\"https:\\\/\\\/www.alfergestion.com\\\/en\\\/wp-content\\\/uploads\\\/2023\\\/02\\\/alferGestion-logo.jpg\",\"width\":141,\"height\":68,\"caption\":\"ALFER GESTION\"},\"image\":{\"@id\":\"https:\\\/\\\/www.alfergestion.com\\\/en\\\/#\\\/schema\\\/logo\\\/image\\\/\"},\"sameAs\":[\"https:\\\/\\\/www.facebook.com\\\/alfergestion\",\"https:\\\/\\\/x.com\\\/alfergestion\",\"https:\\\/\\\/www.linkedin.com\\\/company\\\/alfer-gestion\\\/\",\"https:\\\/\\\/www.instagram.com\\\/alfergestion\\\/\"]},{\"@type\":\"Person\",\"@id\":\"https:\\\/\\\/www.alfergestion.com\\\/en\\\/#\\\/schema\\\/person\\\/d3f322bf29ae439b372d4e705af4ae89\",\"name\":\"alferadmin\",\"image\":{\"@type\":\"ImageObject\",\"inLanguage\":\"es\",\"@id\":\"https:\\\/\\\/secure.gravatar.com\\\/avatar\\\/68e47f947b7f0f36522078aa6f917ca42807fa3fc361e79365243458d832b1aa?s=96&d=mm&r=g\",\"url\":\"https:\\\/\\\/secure.gravatar.com\\\/avatar\\\/68e47f947b7f0f36522078aa6f917ca42807fa3fc361e79365243458d832b1aa?s=96&d=mm&r=g\",\"contentUrl\":\"https:\\\/\\\/secure.gravatar.com\\\/avatar\\\/68e47f947b7f0f36522078aa6f917ca42807fa3fc361e79365243458d832b1aa?s=96&d=mm&r=g\",\"caption\":\"alferadmin\"},\"sameAs\":[\"http:\\\/\\\/new.alfergestion.com\"],\"url\":\"https:\\\/\\\/www.alfergestion.com\\\/en\\\/author\\\/alferadmin\\\/\"}]}<\/script>\n<!-- \/ Yoast SEO plugin. -->","yoast_head_json":{"title":"Novedades fiscales 2023 -","robots":{"index":"index","follow":"follow","max-snippet":"max-snippet:-1","max-image-preview":"max-image-preview:large","max-video-preview":"max-video-preview:-1"},"canonical":"https:\/\/www.alfergestion.com\/en\/novedades-fiscales-2023\/","og_locale":"es_ES","og_type":"article","og_title":"Novedades fiscales 2023 -","og_description":"Comienza un nuevo ejercicio marcado en lo tributario y econ\u00f3mico por ser a\u00f1o electoral, con nuevas medidas fiscales: entre otras, rebaja del IVA de los alimentos, deflaci\u00f3n de los tramos del IRPF, limitaci\u00f3n a la actualizaci\u00f3n de alquileres, impuestos a banca y energ\u00e9ticas, y el precipitado y chapucero a las grandes fortunas. Enero ha arrancado &hellip; Continue reading \"Novedades fiscales 2023\"","og_url":"https:\/\/www.alfergestion.com\/en\/novedades-fiscales-2023\/","article_publisher":"https:\/\/www.facebook.com\/alfergestion","article_published_time":"2023-01-13T00:29:40+00:00","article_modified_time":"2023-04-07T01:45:20+00:00","og_image":[{"width":960,"height":504,"url":"https:\/\/www.alfergestion.com\/en\/wp-content\/uploads\/2023\/01\/Novedades-fiscales-2023.jpg","type":"image\/jpeg"}],"author":"alferadmin","twitter_card":"summary_large_image","twitter_creator":"@alfergestion","twitter_site":"@alfergestion","twitter_misc":{"Escrito por":"alferadmin","Tiempo de lectura":"2 minutos"},"schema":{"@context":"https:\/\/schema.org","@graph":[{"@type":"Article","@id":"https:\/\/www.alfergestion.com\/en\/novedades-fiscales-2023\/#article","isPartOf":{"@id":"https:\/\/www.alfergestion.com\/en\/novedades-fiscales-2023\/"},"author":{"name":"alferadmin","@id":"https:\/\/www.alfergestion.com\/en\/#\/schema\/person\/d3f322bf29ae439b372d4e705af4ae89"},"headline":"Novedades fiscales 2023","datePublished":"2023-01-13T00:29:40+00:00","dateModified":"2023-04-07T01:45:20+00:00","mainEntityOfPage":{"@id":"https:\/\/www.alfergestion.com\/en\/novedades-fiscales-2023\/"},"wordCount":235,"commentCount":0,"publisher":{"@id":"https:\/\/www.alfergestion.com\/en\/#organization"},"image":{"@id":"https:\/\/www.alfergestion.com\/en\/novedades-fiscales-2023\/#primaryimage"},"thumbnailUrl":"https:\/\/www.alfergestion.com\/en\/wp-content\/uploads\/2023\/01\/Novedades-fiscales-2023.jpg","articleSection":["Actualidad","Fincas","Fiscal","Noticias"],"inLanguage":"es","potentialAction":[{"@type":"CommentAction","name":"Comment","target":["https:\/\/www.alfergestion.com\/en\/novedades-fiscales-2023\/#respond"]}]},{"@type":"WebPage","@id":"https:\/\/www.alfergestion.com\/en\/novedades-fiscales-2023\/","url":"https:\/\/www.alfergestion.com\/en\/novedades-fiscales-2023\/","name":"Novedades fiscales 2023 -","isPartOf":{"@id":"https:\/\/www.alfergestion.com\/en\/#website"},"primaryImageOfPage":{"@id":"https:\/\/www.alfergestion.com\/en\/novedades-fiscales-2023\/#primaryimage"},"image":{"@id":"https:\/\/www.alfergestion.com\/en\/novedades-fiscales-2023\/#primaryimage"},"thumbnailUrl":"https:\/\/www.alfergestion.com\/en\/wp-content\/uploads\/2023\/01\/Novedades-fiscales-2023.jpg","datePublished":"2023-01-13T00:29:40+00:00","dateModified":"2023-04-07T01:45:20+00:00","breadcrumb":{"@id":"https:\/\/www.alfergestion.com\/en\/novedades-fiscales-2023\/#breadcrumb"},"inLanguage":"es","potentialAction":[{"@type":"ReadAction","target":["https:\/\/www.alfergestion.com\/en\/novedades-fiscales-2023\/"]}]},{"@type":"ImageObject","inLanguage":"es","@id":"https:\/\/www.alfergestion.com\/en\/novedades-fiscales-2023\/#primaryimage","url":"https:\/\/www.alfergestion.com\/en\/wp-content\/uploads\/2023\/01\/Novedades-fiscales-2023.jpg","contentUrl":"https:\/\/www.alfergestion.com\/en\/wp-content\/uploads\/2023\/01\/Novedades-fiscales-2023.jpg","width":960,"height":504},{"@type":"BreadcrumbList","@id":"https:\/\/www.alfergestion.com\/en\/novedades-fiscales-2023\/#breadcrumb","itemListElement":[{"@type":"ListItem","position":1,"name":"Portada","item":"https:\/\/www.alfergestion.com\/en\/"},{"@type":"ListItem","position":2,"name":"Novedades fiscales 2023"}]},{"@type":"WebSite","@id":"https:\/\/www.alfergestion.com\/en\/#website","url":"https:\/\/www.alfergestion.com\/en\/","name":"ALFER GESTION","description":"asesoramiento integral a particulares, aut\u00f3nomos, pymes y empresas, mediante una atenci\u00f3n personalizada y eficiente a nuestros clientes.","publisher":{"@id":"https:\/\/www.alfergestion.com\/en\/#organization"},"potentialAction":[{"@type":"SearchAction","target":{"@type":"EntryPoint","urlTemplate":"https:\/\/www.alfergestion.com\/en\/?s={search_term_string}"},"query-input":{"@type":"PropertyValueSpecification","valueRequired":true,"valueName":"search_term_string"}}],"inLanguage":"es"},{"@type":"Organization","@id":"https:\/\/www.alfergestion.com\/en\/#organization","name":"ALFER GESTION","url":"https:\/\/www.alfergestion.com\/en\/","logo":{"@type":"ImageObject","inLanguage":"es","@id":"https:\/\/www.alfergestion.com\/en\/#\/schema\/logo\/image\/","url":"https:\/\/www.alfergestion.com\/en\/wp-content\/uploads\/2023\/02\/alferGestion-logo.jpg","contentUrl":"https:\/\/www.alfergestion.com\/en\/wp-content\/uploads\/2023\/02\/alferGestion-logo.jpg","width":141,"height":68,"caption":"ALFER GESTION"},"image":{"@id":"https:\/\/www.alfergestion.com\/en\/#\/schema\/logo\/image\/"},"sameAs":["https:\/\/www.facebook.com\/alfergestion","https:\/\/x.com\/alfergestion","https:\/\/www.linkedin.com\/company\/alfer-gestion\/","https:\/\/www.instagram.com\/alfergestion\/"]},{"@type":"Person","@id":"https:\/\/www.alfergestion.com\/en\/#\/schema\/person\/d3f322bf29ae439b372d4e705af4ae89","name":"alferadmin","image":{"@type":"ImageObject","inLanguage":"es","@id":"https:\/\/secure.gravatar.com\/avatar\/68e47f947b7f0f36522078aa6f917ca42807fa3fc361e79365243458d832b1aa?s=96&d=mm&r=g","url":"https:\/\/secure.gravatar.com\/avatar\/68e47f947b7f0f36522078aa6f917ca42807fa3fc361e79365243458d832b1aa?s=96&d=mm&r=g","contentUrl":"https:\/\/secure.gravatar.com\/avatar\/68e47f947b7f0f36522078aa6f917ca42807fa3fc361e79365243458d832b1aa?s=96&d=mm&r=g","caption":"alferadmin"},"sameAs":["http:\/\/new.alfergestion.com"],"url":"https:\/\/www.alfergestion.com\/en\/author\/alferadmin\/"}]}},"_links":{"self":[{"href":"https:\/\/www.alfergestion.com\/en\/wp-json\/wp\/v2\/posts\/353","targetHints":{"allow":["GET"]}}],"collection":[{"href":"https:\/\/www.alfergestion.com\/en\/wp-json\/wp\/v2\/posts"}],"about":[{"href":"https:\/\/www.alfergestion.com\/en\/wp-json\/wp\/v2\/types\/post"}],"author":[{"embeddable":true,"href":"https:\/\/www.alfergestion.com\/en\/wp-json\/wp\/v2\/users\/1"}],"replies":[{"embeddable":true,"href":"https:\/\/www.alfergestion.com\/en\/wp-json\/wp\/v2\/comments?post=353"}],"version-history":[{"count":1,"href":"https:\/\/www.alfergestion.com\/en\/wp-json\/wp\/v2\/posts\/353\/revisions"}],"predecessor-version":[{"id":355,"href":"https:\/\/www.alfergestion.com\/en\/wp-json\/wp\/v2\/posts\/353\/revisions\/355"}],"wp:featuredmedia":[{"embeddable":true,"href":"https:\/\/www.alfergestion.com\/en\/wp-json\/wp\/v2\/media\/382"}],"wp:attachment":[{"href":"https:\/\/www.alfergestion.com\/en\/wp-json\/wp\/v2\/media?parent=353"}],"wp:term":[{"taxonomy":"category","embeddable":true,"href":"https:\/\/www.alfergestion.com\/en\/wp-json\/wp\/v2\/categories?post=353"},{"taxonomy":"post_tag","embeddable":true,"href":"https:\/\/www.alfergestion.com\/en\/wp-json\/wp\/v2\/tags?post=353"}],"curies":[{"name":"wp","href":"https:\/\/api.w.org\/{rel}","templated":true}]}}