{"id":356,"date":"2023-01-13T00:34:15","date_gmt":"2023-01-13T00:34:15","guid":{"rendered":"https:\/\/new.alfergestion.com\/?p=356"},"modified":"2023-04-07T01:50:28","modified_gmt":"2023-04-07T01:50:28","slug":"inicio-nuevo-reta","status":"publish","type":"post","link":"https:\/\/www.alfergestion.com\/en\/inicio-nuevo-reta\/","title":{"rendered":"Inicio del nuevo sistema de cotizaci\u00f3n para los Aut\u00f3nomos"},"content":{"rendered":"<p>Bienvenidos a 2023, el a\u00f1o en que comienza a aplicarse el nuevo sistema de cotizaci\u00f3n para los aut\u00f3nomos, tras un cierre de 2022 con el peor dato de afiliaci\u00f3n en este r\u00e9gimen en diez a\u00f1os, con un aumento de solo cinco personas. El per\u00edodo de implantaci\u00f3n del sistema alcanzar\u00e1 hasta 2032, y se basa en la cotizaci\u00f3n por los rendimientos netos reales obtenidos por el aut\u00f3nomo.<\/p>\n<p>&nbsp;<\/p>\n<p>Hasta el 28 de febrero, en funci\u00f3n de la previsi\u00f3n de rendimientos que esperan obtener de promedio mensual a lo largo del a\u00f1o 2023, se debe seleccionar, de entre 15 tramos, la base de cotizaci\u00f3n provisional sobre la que se calcular\u00e1n las cuotas a ingresar mes a mes. Estos cambios de base de cotizaci\u00f3n surtir\u00e1n efectos el pr\u00f3ximo 1 de marzo y podr\u00e1n actualizarse cada dos meses a lo largo del a\u00f1o. Posteriormente, la TGSS regularizar\u00e1 anualmente la cotizaci\u00f3n previa informaci\u00f3n por parte de la Administraci\u00f3n Tributaria de los rendimientos netos computables.<\/p>\n<p>&nbsp;<\/p>\n<p>Como no pod\u00eda ser de otra manera, la traducci\u00f3n es un incremento de cuotas. Mientras, Trabajo registra 1,03 millones de fijos discontinuos sin actividad en un a\u00f1o, y se implantan restricciones para las sustituciones por maternidad, para las que s\u00f3lo se podr\u00e1 contratar a menores de 30 a\u00f1os. Un recorte m\u00e1s en la libertad de contrataci\u00f3n de las empresas.<\/p>\n<p>&nbsp;<\/p>\n<p><a title=\"\" href=\"https:\/\/www.seg-social.es\/wps\/portal\/wss\/internet\/HerramientasWeb\/9d2fd4f1-ab0f-42a6-8d10-2e74b378ee24#512023TP\" target=\"_blank\" rel=\"noopener\">\u2192 Acceso a la informaci\u00f3n del nuevo sistema de cotizaci\u00f3n para Aut\u00f3nomos<\/a><\/p>\n<p><a title=\"\" href=\"https:\/\/portal.seg-social.gob.es\/wps\/portal\/importass\/importass\/tramites\/simuladorRETAPublico\" target=\"_blank\" rel=\"noopener\">\u2192 Acceso al simulador de cuotas de la TGSS<\/a><\/p>\n<p><a title=\"\" href=\"https:\/\/cincodias.elpais.com\/cincodias\/2023\/01\/02\/economia\/1672662680_309477.html\" target=\"_blank\" rel=\"noopener\">\u2192 Ver noticia con informaci\u00f3n de tablas de cuotas de aut\u00f3nomos en Cinco D\u00edas<\/a><\/p>\n<p><a title=\"\" href=\"http:\/\/new.alfergestion.com\/wp-content\/uploads\/2023\/04\/2022-12-12-Triptico-RETA.pdf\" target=\"_blank\" rel=\"noopener\">\u2192 Ver presentaci\u00f3n del nuevo sistema RETA<\/a><\/p>\n","protected":false},"excerpt":{"rendered":"<p>Bienvenidos a 2023, el a\u00f1o en que comienza a aplicarse el nuevo sistema de cotizaci\u00f3n para los aut\u00f3nomos, tras un cierre de 2022 con el peor dato de afiliaci\u00f3n en este r\u00e9gimen en diez a\u00f1os, con un aumento de solo cinco personas. El per\u00edodo de implantaci\u00f3n del sistema alcanzar\u00e1 hasta 2032, y se basa en &hellip; <a href=\"https:\/\/www.alfergestion.com\/en\/inicio-nuevo-reta\/\" class=\"more-link\">Continue reading<span class=\"screen-reader-text\"> \u00abInicio del nuevo sistema de cotizaci\u00f3n para los Aut\u00f3nomos\u00bb<\/span><\/a><\/p>\n","protected":false},"author":1,"featured_media":383,"comment_status":"open","ping_status":"open","sticky":false,"template":"","format":"standard","meta":{"_acf_changed":false,"footnotes":""},"categories":[7,5,6,1],"tags":[],"class_list":["post-356","post","type-post","status-publish","format-standard","has-post-thumbnail","hentry","category-actualidad","category-fincas","category-laboral","category-noticias"],"acf":[],"yoast_head":"<!-- This site is optimized with the Yoast SEO plugin v27.5 - https:\/\/yoast.com\/product\/yoast-seo-wordpress\/ -->\n<title>Inicio del nuevo sistema de cotizaci\u00f3n para los Aut\u00f3nomos -<\/title>\n<meta name=\"robots\" content=\"index, follow, max-snippet:-1, max-image-preview:large, max-video-preview:-1\" \/>\n<link rel=\"canonical\" href=\"https:\/\/www.alfergestion.com\/en\/inicio-nuevo-reta\/\" \/>\n<meta property=\"og:locale\" content=\"es_ES\" \/>\n<meta property=\"og:type\" content=\"article\" \/>\n<meta property=\"og:title\" content=\"Inicio del nuevo sistema de cotizaci\u00f3n para los Aut\u00f3nomos -\" \/>\n<meta property=\"og:description\" content=\"Bienvenidos a 2023, el a\u00f1o en que comienza a aplicarse el nuevo sistema de cotizaci\u00f3n para los aut\u00f3nomos, tras un cierre de 2022 con el peor dato de afiliaci\u00f3n en este r\u00e9gimen en diez a\u00f1os, con un aumento de solo cinco personas. El per\u00edodo de implantaci\u00f3n del sistema alcanzar\u00e1 hasta 2032, y se basa en &hellip; Continue reading &quot;Inicio del nuevo sistema de cotizaci\u00f3n para los Aut\u00f3nomos&quot;\" \/>\n<meta property=\"og:url\" content=\"https:\/\/www.alfergestion.com\/en\/inicio-nuevo-reta\/\" \/>\n<meta property=\"article:publisher\" content=\"https:\/\/www.facebook.com\/alfergestion\" \/>\n<meta property=\"article:published_time\" content=\"2023-01-13T00:34:15+00:00\" \/>\n<meta property=\"article:modified_time\" content=\"2023-04-07T01:50:28+00:00\" \/>\n<meta property=\"og:image\" content=\"https:\/\/www.alfergestion.com\/en\/wp-content\/uploads\/2023\/01\/Inicio-nuevo-RETA.jpg\" \/>\n\t<meta property=\"og:image:width\" content=\"960\" \/>\n\t<meta property=\"og:image:height\" content=\"504\" \/>\n\t<meta property=\"og:image:type\" content=\"image\/jpeg\" \/>\n<meta name=\"author\" content=\"alferadmin\" \/>\n<meta name=\"twitter:card\" content=\"summary_large_image\" \/>\n<meta name=\"twitter:creator\" content=\"@alfergestion\" \/>\n<meta name=\"twitter:site\" content=\"@alfergestion\" \/>\n<meta name=\"twitter:label1\" content=\"Escrito por\" \/>\n\t<meta name=\"twitter:data1\" content=\"alferadmin\" \/>\n\t<meta name=\"twitter:label2\" content=\"Tiempo de lectura\" \/>\n\t<meta name=\"twitter:data2\" content=\"2 minutos\" \/>\n<script type=\"application\/ld+json\" class=\"yoast-schema-graph\">{\"@context\":\"https:\\\/\\\/schema.org\",\"@graph\":[{\"@type\":\"Article\",\"@id\":\"https:\\\/\\\/www.alfergestion.com\\\/en\\\/inicio-nuevo-reta\\\/#article\",\"isPartOf\":{\"@id\":\"https:\\\/\\\/www.alfergestion.com\\\/en\\\/inicio-nuevo-reta\\\/\"},\"author\":{\"name\":\"alferadmin\",\"@id\":\"https:\\\/\\\/www.alfergestion.com\\\/en\\\/#\\\/schema\\\/person\\\/d3f322bf29ae439b372d4e705af4ae89\"},\"headline\":\"Inicio del nuevo sistema de cotizaci\u00f3n para los Aut\u00f3nomos\",\"datePublished\":\"2023-01-13T00:34:15+00:00\",\"dateModified\":\"2023-04-07T01:50:28+00:00\",\"mainEntityOfPage\":{\"@id\":\"https:\\\/\\\/www.alfergestion.com\\\/en\\\/inicio-nuevo-reta\\\/\"},\"wordCount\":297,\"commentCount\":0,\"publisher\":{\"@id\":\"https:\\\/\\\/www.alfergestion.com\\\/en\\\/#organization\"},\"image\":{\"@id\":\"https:\\\/\\\/www.alfergestion.com\\\/en\\\/inicio-nuevo-reta\\\/#primaryimage\"},\"thumbnailUrl\":\"https:\\\/\\\/www.alfergestion.com\\\/en\\\/wp-content\\\/uploads\\\/2023\\\/01\\\/Inicio-nuevo-RETA.jpg\",\"articleSection\":[\"Actualidad\",\"Fincas\",\"Laboral\",\"Noticias\"],\"inLanguage\":\"es\",\"potentialAction\":[{\"@type\":\"CommentAction\",\"name\":\"Comment\",\"target\":[\"https:\\\/\\\/www.alfergestion.com\\\/en\\\/inicio-nuevo-reta\\\/#respond\"]}]},{\"@type\":\"WebPage\",\"@id\":\"https:\\\/\\\/www.alfergestion.com\\\/en\\\/inicio-nuevo-reta\\\/\",\"url\":\"https:\\\/\\\/www.alfergestion.com\\\/en\\\/inicio-nuevo-reta\\\/\",\"name\":\"Inicio del nuevo sistema de cotizaci\u00f3n para los Aut\u00f3nomos -\",\"isPartOf\":{\"@id\":\"https:\\\/\\\/www.alfergestion.com\\\/en\\\/#website\"},\"primaryImageOfPage\":{\"@id\":\"https:\\\/\\\/www.alfergestion.com\\\/en\\\/inicio-nuevo-reta\\\/#primaryimage\"},\"image\":{\"@id\":\"https:\\\/\\\/www.alfergestion.com\\\/en\\\/inicio-nuevo-reta\\\/#primaryimage\"},\"thumbnailUrl\":\"https:\\\/\\\/www.alfergestion.com\\\/en\\\/wp-content\\\/uploads\\\/2023\\\/01\\\/Inicio-nuevo-RETA.jpg\",\"datePublished\":\"2023-01-13T00:34:15+00:00\",\"dateModified\":\"2023-04-07T01:50:28+00:00\",\"breadcrumb\":{\"@id\":\"https:\\\/\\\/www.alfergestion.com\\\/en\\\/inicio-nuevo-reta\\\/#breadcrumb\"},\"inLanguage\":\"es\",\"potentialAction\":[{\"@type\":\"ReadAction\",\"target\":[\"https:\\\/\\\/www.alfergestion.com\\\/en\\\/inicio-nuevo-reta\\\/\"]}]},{\"@type\":\"ImageObject\",\"inLanguage\":\"es\",\"@id\":\"https:\\\/\\\/www.alfergestion.com\\\/en\\\/inicio-nuevo-reta\\\/#primaryimage\",\"url\":\"https:\\\/\\\/www.alfergestion.com\\\/en\\\/wp-content\\\/uploads\\\/2023\\\/01\\\/Inicio-nuevo-RETA.jpg\",\"contentUrl\":\"https:\\\/\\\/www.alfergestion.com\\\/en\\\/wp-content\\\/uploads\\\/2023\\\/01\\\/Inicio-nuevo-RETA.jpg\",\"width\":960,\"height\":504},{\"@type\":\"BreadcrumbList\",\"@id\":\"https:\\\/\\\/www.alfergestion.com\\\/en\\\/inicio-nuevo-reta\\\/#breadcrumb\",\"itemListElement\":[{\"@type\":\"ListItem\",\"position\":1,\"name\":\"Portada\",\"item\":\"https:\\\/\\\/www.alfergestion.com\\\/en\\\/\"},{\"@type\":\"ListItem\",\"position\":2,\"name\":\"Inicio del nuevo sistema de cotizaci\u00f3n para los Aut\u00f3nomos\"}]},{\"@type\":\"WebSite\",\"@id\":\"https:\\\/\\\/www.alfergestion.com\\\/en\\\/#website\",\"url\":\"https:\\\/\\\/www.alfergestion.com\\\/en\\\/\",\"name\":\"ALFER GESTION\",\"description\":\"asesoramiento integral a particulares, aut\u00f3nomos, pymes y empresas, mediante una atenci\u00f3n personalizada y eficiente a nuestros clientes.\",\"publisher\":{\"@id\":\"https:\\\/\\\/www.alfergestion.com\\\/en\\\/#organization\"},\"potentialAction\":[{\"@type\":\"SearchAction\",\"target\":{\"@type\":\"EntryPoint\",\"urlTemplate\":\"https:\\\/\\\/www.alfergestion.com\\\/en\\\/?s={search_term_string}\"},\"query-input\":{\"@type\":\"PropertyValueSpecification\",\"valueRequired\":true,\"valueName\":\"search_term_string\"}}],\"inLanguage\":\"es\"},{\"@type\":\"Organization\",\"@id\":\"https:\\\/\\\/www.alfergestion.com\\\/en\\\/#organization\",\"name\":\"ALFER GESTION\",\"url\":\"https:\\\/\\\/www.alfergestion.com\\\/en\\\/\",\"logo\":{\"@type\":\"ImageObject\",\"inLanguage\":\"es\",\"@id\":\"https:\\\/\\\/www.alfergestion.com\\\/en\\\/#\\\/schema\\\/logo\\\/image\\\/\",\"url\":\"https:\\\/\\\/www.alfergestion.com\\\/en\\\/wp-content\\\/uploads\\\/2023\\\/02\\\/alferGestion-logo.jpg\",\"contentUrl\":\"https:\\\/\\\/www.alfergestion.com\\\/en\\\/wp-content\\\/uploads\\\/2023\\\/02\\\/alferGestion-logo.jpg\",\"width\":141,\"height\":68,\"caption\":\"ALFER GESTION\"},\"image\":{\"@id\":\"https:\\\/\\\/www.alfergestion.com\\\/en\\\/#\\\/schema\\\/logo\\\/image\\\/\"},\"sameAs\":[\"https:\\\/\\\/www.facebook.com\\\/alfergestion\",\"https:\\\/\\\/x.com\\\/alfergestion\",\"https:\\\/\\\/www.linkedin.com\\\/company\\\/alfer-gestion\\\/\",\"https:\\\/\\\/www.instagram.com\\\/alfergestion\\\/\"]},{\"@type\":\"Person\",\"@id\":\"https:\\\/\\\/www.alfergestion.com\\\/en\\\/#\\\/schema\\\/person\\\/d3f322bf29ae439b372d4e705af4ae89\",\"name\":\"alferadmin\",\"image\":{\"@type\":\"ImageObject\",\"inLanguage\":\"es\",\"@id\":\"https:\\\/\\\/secure.gravatar.com\\\/avatar\\\/68e47f947b7f0f36522078aa6f917ca42807fa3fc361e79365243458d832b1aa?s=96&d=mm&r=g\",\"url\":\"https:\\\/\\\/secure.gravatar.com\\\/avatar\\\/68e47f947b7f0f36522078aa6f917ca42807fa3fc361e79365243458d832b1aa?s=96&d=mm&r=g\",\"contentUrl\":\"https:\\\/\\\/secure.gravatar.com\\\/avatar\\\/68e47f947b7f0f36522078aa6f917ca42807fa3fc361e79365243458d832b1aa?s=96&d=mm&r=g\",\"caption\":\"alferadmin\"},\"sameAs\":[\"http:\\\/\\\/new.alfergestion.com\"],\"url\":\"https:\\\/\\\/www.alfergestion.com\\\/en\\\/author\\\/alferadmin\\\/\"}]}<\/script>\n<!-- \/ Yoast SEO plugin. -->","yoast_head_json":{"title":"Inicio del nuevo sistema de cotizaci\u00f3n para los Aut\u00f3nomos -","robots":{"index":"index","follow":"follow","max-snippet":"max-snippet:-1","max-image-preview":"max-image-preview:large","max-video-preview":"max-video-preview:-1"},"canonical":"https:\/\/www.alfergestion.com\/en\/inicio-nuevo-reta\/","og_locale":"es_ES","og_type":"article","og_title":"Inicio del nuevo sistema de cotizaci\u00f3n para los Aut\u00f3nomos -","og_description":"Bienvenidos a 2023, el a\u00f1o en que comienza a aplicarse el nuevo sistema de cotizaci\u00f3n para los aut\u00f3nomos, tras un cierre de 2022 con el peor dato de afiliaci\u00f3n en este r\u00e9gimen en diez a\u00f1os, con un aumento de solo cinco personas. El per\u00edodo de implantaci\u00f3n del sistema alcanzar\u00e1 hasta 2032, y se basa en &hellip; Continue reading \"Inicio del nuevo sistema de cotizaci\u00f3n para los Aut\u00f3nomos\"","og_url":"https:\/\/www.alfergestion.com\/en\/inicio-nuevo-reta\/","article_publisher":"https:\/\/www.facebook.com\/alfergestion","article_published_time":"2023-01-13T00:34:15+00:00","article_modified_time":"2023-04-07T01:50:28+00:00","og_image":[{"width":960,"height":504,"url":"https:\/\/www.alfergestion.com\/en\/wp-content\/uploads\/2023\/01\/Inicio-nuevo-RETA.jpg","type":"image\/jpeg"}],"author":"alferadmin","twitter_card":"summary_large_image","twitter_creator":"@alfergestion","twitter_site":"@alfergestion","twitter_misc":{"Escrito por":"alferadmin","Tiempo de lectura":"2 minutos"},"schema":{"@context":"https:\/\/schema.org","@graph":[{"@type":"Article","@id":"https:\/\/www.alfergestion.com\/en\/inicio-nuevo-reta\/#article","isPartOf":{"@id":"https:\/\/www.alfergestion.com\/en\/inicio-nuevo-reta\/"},"author":{"name":"alferadmin","@id":"https:\/\/www.alfergestion.com\/en\/#\/schema\/person\/d3f322bf29ae439b372d4e705af4ae89"},"headline":"Inicio del nuevo sistema de cotizaci\u00f3n para los Aut\u00f3nomos","datePublished":"2023-01-13T00:34:15+00:00","dateModified":"2023-04-07T01:50:28+00:00","mainEntityOfPage":{"@id":"https:\/\/www.alfergestion.com\/en\/inicio-nuevo-reta\/"},"wordCount":297,"commentCount":0,"publisher":{"@id":"https:\/\/www.alfergestion.com\/en\/#organization"},"image":{"@id":"https:\/\/www.alfergestion.com\/en\/inicio-nuevo-reta\/#primaryimage"},"thumbnailUrl":"https:\/\/www.alfergestion.com\/en\/wp-content\/uploads\/2023\/01\/Inicio-nuevo-RETA.jpg","articleSection":["Actualidad","Fincas","Laboral","Noticias"],"inLanguage":"es","potentialAction":[{"@type":"CommentAction","name":"Comment","target":["https:\/\/www.alfergestion.com\/en\/inicio-nuevo-reta\/#respond"]}]},{"@type":"WebPage","@id":"https:\/\/www.alfergestion.com\/en\/inicio-nuevo-reta\/","url":"https:\/\/www.alfergestion.com\/en\/inicio-nuevo-reta\/","name":"Inicio del nuevo sistema de cotizaci\u00f3n para los Aut\u00f3nomos -","isPartOf":{"@id":"https:\/\/www.alfergestion.com\/en\/#website"},"primaryImageOfPage":{"@id":"https:\/\/www.alfergestion.com\/en\/inicio-nuevo-reta\/#primaryimage"},"image":{"@id":"https:\/\/www.alfergestion.com\/en\/inicio-nuevo-reta\/#primaryimage"},"thumbnailUrl":"https:\/\/www.alfergestion.com\/en\/wp-content\/uploads\/2023\/01\/Inicio-nuevo-RETA.jpg","datePublished":"2023-01-13T00:34:15+00:00","dateModified":"2023-04-07T01:50:28+00:00","breadcrumb":{"@id":"https:\/\/www.alfergestion.com\/en\/inicio-nuevo-reta\/#breadcrumb"},"inLanguage":"es","potentialAction":[{"@type":"ReadAction","target":["https:\/\/www.alfergestion.com\/en\/inicio-nuevo-reta\/"]}]},{"@type":"ImageObject","inLanguage":"es","@id":"https:\/\/www.alfergestion.com\/en\/inicio-nuevo-reta\/#primaryimage","url":"https:\/\/www.alfergestion.com\/en\/wp-content\/uploads\/2023\/01\/Inicio-nuevo-RETA.jpg","contentUrl":"https:\/\/www.alfergestion.com\/en\/wp-content\/uploads\/2023\/01\/Inicio-nuevo-RETA.jpg","width":960,"height":504},{"@type":"BreadcrumbList","@id":"https:\/\/www.alfergestion.com\/en\/inicio-nuevo-reta\/#breadcrumb","itemListElement":[{"@type":"ListItem","position":1,"name":"Portada","item":"https:\/\/www.alfergestion.com\/en\/"},{"@type":"ListItem","position":2,"name":"Inicio del nuevo sistema de cotizaci\u00f3n para los Aut\u00f3nomos"}]},{"@type":"WebSite","@id":"https:\/\/www.alfergestion.com\/en\/#website","url":"https:\/\/www.alfergestion.com\/en\/","name":"ALFER GESTION","description":"asesoramiento integral a particulares, aut\u00f3nomos, pymes y empresas, mediante una atenci\u00f3n personalizada y eficiente a nuestros clientes.","publisher":{"@id":"https:\/\/www.alfergestion.com\/en\/#organization"},"potentialAction":[{"@type":"SearchAction","target":{"@type":"EntryPoint","urlTemplate":"https:\/\/www.alfergestion.com\/en\/?s={search_term_string}"},"query-input":{"@type":"PropertyValueSpecification","valueRequired":true,"valueName":"search_term_string"}}],"inLanguage":"es"},{"@type":"Organization","@id":"https:\/\/www.alfergestion.com\/en\/#organization","name":"ALFER GESTION","url":"https:\/\/www.alfergestion.com\/en\/","logo":{"@type":"ImageObject","inLanguage":"es","@id":"https:\/\/www.alfergestion.com\/en\/#\/schema\/logo\/image\/","url":"https:\/\/www.alfergestion.com\/en\/wp-content\/uploads\/2023\/02\/alferGestion-logo.jpg","contentUrl":"https:\/\/www.alfergestion.com\/en\/wp-content\/uploads\/2023\/02\/alferGestion-logo.jpg","width":141,"height":68,"caption":"ALFER GESTION"},"image":{"@id":"https:\/\/www.alfergestion.com\/en\/#\/schema\/logo\/image\/"},"sameAs":["https:\/\/www.facebook.com\/alfergestion","https:\/\/x.com\/alfergestion","https:\/\/www.linkedin.com\/company\/alfer-gestion\/","https:\/\/www.instagram.com\/alfergestion\/"]},{"@type":"Person","@id":"https:\/\/www.alfergestion.com\/en\/#\/schema\/person\/d3f322bf29ae439b372d4e705af4ae89","name":"alferadmin","image":{"@type":"ImageObject","inLanguage":"es","@id":"https:\/\/secure.gravatar.com\/avatar\/68e47f947b7f0f36522078aa6f917ca42807fa3fc361e79365243458d832b1aa?s=96&d=mm&r=g","url":"https:\/\/secure.gravatar.com\/avatar\/68e47f947b7f0f36522078aa6f917ca42807fa3fc361e79365243458d832b1aa?s=96&d=mm&r=g","contentUrl":"https:\/\/secure.gravatar.com\/avatar\/68e47f947b7f0f36522078aa6f917ca42807fa3fc361e79365243458d832b1aa?s=96&d=mm&r=g","caption":"alferadmin"},"sameAs":["http:\/\/new.alfergestion.com"],"url":"https:\/\/www.alfergestion.com\/en\/author\/alferadmin\/"}]}},"_links":{"self":[{"href":"https:\/\/www.alfergestion.com\/en\/wp-json\/wp\/v2\/posts\/356","targetHints":{"allow":["GET"]}}],"collection":[{"href":"https:\/\/www.alfergestion.com\/en\/wp-json\/wp\/v2\/posts"}],"about":[{"href":"https:\/\/www.alfergestion.com\/en\/wp-json\/wp\/v2\/types\/post"}],"author":[{"embeddable":true,"href":"https:\/\/www.alfergestion.com\/en\/wp-json\/wp\/v2\/users\/1"}],"replies":[{"embeddable":true,"href":"https:\/\/www.alfergestion.com\/en\/wp-json\/wp\/v2\/comments?post=356"}],"version-history":[{"count":4,"href":"https:\/\/www.alfergestion.com\/en\/wp-json\/wp\/v2\/posts\/356\/revisions"}],"predecessor-version":[{"id":361,"href":"https:\/\/www.alfergestion.com\/en\/wp-json\/wp\/v2\/posts\/356\/revisions\/361"}],"wp:featuredmedia":[{"embeddable":true,"href":"https:\/\/www.alfergestion.com\/en\/wp-json\/wp\/v2\/media\/383"}],"wp:attachment":[{"href":"https:\/\/www.alfergestion.com\/en\/wp-json\/wp\/v2\/media?parent=356"}],"wp:term":[{"taxonomy":"category","embeddable":true,"href":"https:\/\/www.alfergestion.com\/en\/wp-json\/wp\/v2\/categories?post=356"},{"taxonomy":"post_tag","embeddable":true,"href":"https:\/\/www.alfergestion.com\/en\/wp-json\/wp\/v2\/tags?post=356"}],"curies":[{"name":"wp","href":"https:\/\/api.w.org\/{rel}","templated":true}]}}