{"id":362,"date":"2023-01-16T00:44:53","date_gmt":"2023-01-16T00:44:53","guid":{"rendered":"https:\/\/new.alfergestion.com\/?p=362"},"modified":"2023-04-07T01:59:11","modified_gmt":"2023-04-07T01:59:11","slug":"vuelven-ayudas-contratacion-cam","status":"publish","type":"post","link":"https:\/\/www.alfergestion.com\/en\/vuelven-ayudas-contratacion-cam\/","title":{"rendered":"Vuelven las ayudas a la contrataci\u00f3n indefinida"},"content":{"rendered":"<p>Nuevo ejercicio, nuevo presupuesto: vuelven las ayudas de la Comunidad de Madrid a la contrataci\u00f3n indefinida: te traemos el resumen de las l\u00edneas que est\u00e1n abiertas para la solicitud de subvenci\u00f3n, y te informamos al completo en #alfergestion.<br \/>\nTambi\u00e9n puedes ampliar informaci\u00f3n a informaci\u00f3n completa en <a href=\"https:\/\/www.comunidad.madrid\/servicios\/empleo\/ayudas-e-incentivos-empleo\" target=\"_blank\" rel=\"noopener\">Ayudas e incentivos para el empleo de la Comunidad de Madrid<\/a>.<\/p>\n<p>&nbsp;<\/p>\n<p>Tambi\u00e9n se ha publicado el RDL 1\/2023, cuyo objetivo es simplificar el sistema de incentivos a la contrataci\u00f3n y aumentar su eficacia mediante una mejor orientaci\u00f3n. Para ello se establecen, con vigencia a partir del 1-9-2023, bonificaciones en las cuotas de la Seguridad Social, focalizadas en la contrataci\u00f3n indefinida, los contratos formativos y la conciliaci\u00f3n familiar.<\/p>\n<p>&nbsp;<\/p>\n<p><a title=\"\" href=\"http:\/\/new.alfergestion.com\/wp-content\/uploads\/2023\/04\/2023-01-04-Resumen-ayudas-CAM-contratacion.pdf\" target=\"_blank\" rel=\"noopener\">\u2192 Ver resumen de subvenciones CAM<\/a><\/p>\n<p><a title=\"\" href=\"http:\/\/new.alfergestion.com\/wp-content\/uploads\/2023\/04\/2023-01-11-Incentivos-a-la-contratacion-RDL-1-2023.pdf\" target=\"_blank\" rel=\"noopener\">\u2192 Ver resumen de incentivos a la contrataci\u00f3n RDL 1\/2023<\/a><\/p>\n","protected":false},"excerpt":{"rendered":"<p>Nuevo ejercicio, nuevo presupuesto: vuelven las ayudas de la Comunidad de Madrid a la contrataci\u00f3n indefinida: te traemos el resumen de las l\u00edneas que est\u00e1n abiertas para la solicitud de subvenci\u00f3n, y te informamos al completo en #alfergestion. Tambi\u00e9n puedes ampliar informaci\u00f3n a informaci\u00f3n completa en Ayudas e incentivos para el empleo de la Comunidad &hellip; <a href=\"https:\/\/www.alfergestion.com\/en\/vuelven-ayudas-contratacion-cam\/\" class=\"more-link\">Continue reading<span class=\"screen-reader-text\"> \u00abVuelven las ayudas a la contrataci\u00f3n indefinida\u00bb<\/span><\/a><\/p>\n","protected":false},"author":1,"featured_media":384,"comment_status":"open","ping_status":"open","sticky":false,"template":"","format":"standard","meta":{"_acf_changed":false,"footnotes":""},"categories":[7,5,6,1],"tags":[],"class_list":["post-362","post","type-post","status-publish","format-standard","has-post-thumbnail","hentry","category-actualidad","category-fincas","category-laboral","category-noticias"],"acf":[],"yoast_head":"<!-- This site is optimized with the Yoast SEO plugin v27.5 - https:\/\/yoast.com\/product\/yoast-seo-wordpress\/ -->\n<title>Vuelven las ayudas a la contrataci\u00f3n indefinida -<\/title>\n<meta name=\"robots\" content=\"index, follow, max-snippet:-1, max-image-preview:large, max-video-preview:-1\" \/>\n<link rel=\"canonical\" href=\"https:\/\/www.alfergestion.com\/en\/vuelven-ayudas-contratacion-cam\/\" \/>\n<meta property=\"og:locale\" content=\"es_ES\" \/>\n<meta property=\"og:type\" content=\"article\" \/>\n<meta property=\"og:title\" content=\"Vuelven las ayudas a la contrataci\u00f3n indefinida -\" \/>\n<meta property=\"og:description\" content=\"Nuevo ejercicio, nuevo presupuesto: vuelven las ayudas de la Comunidad de Madrid a la contrataci\u00f3n indefinida: te traemos el resumen de las l\u00edneas que est\u00e1n abiertas para la solicitud de subvenci\u00f3n, y te informamos al completo en #alfergestion. Tambi\u00e9n puedes ampliar informaci\u00f3n a informaci\u00f3n completa en Ayudas e incentivos para el empleo de la Comunidad &hellip; Continue reading &quot;Vuelven las ayudas a la contrataci\u00f3n indefinida&quot;\" \/>\n<meta property=\"og:url\" content=\"https:\/\/www.alfergestion.com\/en\/vuelven-ayudas-contratacion-cam\/\" \/>\n<meta property=\"article:publisher\" content=\"https:\/\/www.facebook.com\/alfergestion\" \/>\n<meta property=\"article:published_time\" content=\"2023-01-16T00:44:53+00:00\" \/>\n<meta property=\"article:modified_time\" content=\"2023-04-07T01:59:11+00:00\" \/>\n<meta property=\"og:image\" content=\"https:\/\/www.alfergestion.com\/en\/wp-content\/uploads\/2023\/01\/Ayudas-contratacion-CAM.jpg\" \/>\n\t<meta property=\"og:image:width\" content=\"583\" \/>\n\t<meta property=\"og:image:height\" content=\"338\" \/>\n\t<meta property=\"og:image:type\" content=\"image\/jpeg\" \/>\n<meta name=\"author\" content=\"alferadmin\" \/>\n<meta name=\"twitter:card\" content=\"summary_large_image\" \/>\n<meta name=\"twitter:creator\" content=\"@alfergestion\" \/>\n<meta name=\"twitter:site\" content=\"@alfergestion\" \/>\n<meta name=\"twitter:label1\" content=\"Escrito por\" \/>\n\t<meta name=\"twitter:data1\" content=\"alferadmin\" \/>\n\t<meta name=\"twitter:label2\" content=\"Tiempo de lectura\" \/>\n\t<meta name=\"twitter:data2\" content=\"1 minuto\" \/>\n<script type=\"application\/ld+json\" class=\"yoast-schema-graph\">{\"@context\":\"https:\\\/\\\/schema.org\",\"@graph\":[{\"@type\":\"Article\",\"@id\":\"https:\\\/\\\/www.alfergestion.com\\\/en\\\/vuelven-ayudas-contratacion-cam\\\/#article\",\"isPartOf\":{\"@id\":\"https:\\\/\\\/www.alfergestion.com\\\/en\\\/vuelven-ayudas-contratacion-cam\\\/\"},\"author\":{\"name\":\"alferadmin\",\"@id\":\"https:\\\/\\\/www.alfergestion.com\\\/en\\\/#\\\/schema\\\/person\\\/d3f322bf29ae439b372d4e705af4ae89\"},\"headline\":\"Vuelven las ayudas a la contrataci\u00f3n indefinida\",\"datePublished\":\"2023-01-16T00:44:53+00:00\",\"dateModified\":\"2023-04-07T01:59:11+00:00\",\"mainEntityOfPage\":{\"@id\":\"https:\\\/\\\/www.alfergestion.com\\\/en\\\/vuelven-ayudas-contratacion-cam\\\/\"},\"wordCount\":149,\"commentCount\":0,\"publisher\":{\"@id\":\"https:\\\/\\\/www.alfergestion.com\\\/en\\\/#organization\"},\"image\":{\"@id\":\"https:\\\/\\\/www.alfergestion.com\\\/en\\\/vuelven-ayudas-contratacion-cam\\\/#primaryimage\"},\"thumbnailUrl\":\"https:\\\/\\\/www.alfergestion.com\\\/en\\\/wp-content\\\/uploads\\\/2023\\\/01\\\/Ayudas-contratacion-CAM.jpg\",\"articleSection\":[\"Actualidad\",\"Fincas\",\"Laboral\",\"Noticias\"],\"inLanguage\":\"es\",\"potentialAction\":[{\"@type\":\"CommentAction\",\"name\":\"Comment\",\"target\":[\"https:\\\/\\\/www.alfergestion.com\\\/en\\\/vuelven-ayudas-contratacion-cam\\\/#respond\"]}]},{\"@type\":\"WebPage\",\"@id\":\"https:\\\/\\\/www.alfergestion.com\\\/en\\\/vuelven-ayudas-contratacion-cam\\\/\",\"url\":\"https:\\\/\\\/www.alfergestion.com\\\/en\\\/vuelven-ayudas-contratacion-cam\\\/\",\"name\":\"Vuelven las ayudas a la contrataci\u00f3n indefinida -\",\"isPartOf\":{\"@id\":\"https:\\\/\\\/www.alfergestion.com\\\/en\\\/#website\"},\"primaryImageOfPage\":{\"@id\":\"https:\\\/\\\/www.alfergestion.com\\\/en\\\/vuelven-ayudas-contratacion-cam\\\/#primaryimage\"},\"image\":{\"@id\":\"https:\\\/\\\/www.alfergestion.com\\\/en\\\/vuelven-ayudas-contratacion-cam\\\/#primaryimage\"},\"thumbnailUrl\":\"https:\\\/\\\/www.alfergestion.com\\\/en\\\/wp-content\\\/uploads\\\/2023\\\/01\\\/Ayudas-contratacion-CAM.jpg\",\"datePublished\":\"2023-01-16T00:44:53+00:00\",\"dateModified\":\"2023-04-07T01:59:11+00:00\",\"breadcrumb\":{\"@id\":\"https:\\\/\\\/www.alfergestion.com\\\/en\\\/vuelven-ayudas-contratacion-cam\\\/#breadcrumb\"},\"inLanguage\":\"es\",\"potentialAction\":[{\"@type\":\"ReadAction\",\"target\":[\"https:\\\/\\\/www.alfergestion.com\\\/en\\\/vuelven-ayudas-contratacion-cam\\\/\"]}]},{\"@type\":\"ImageObject\",\"inLanguage\":\"es\",\"@id\":\"https:\\\/\\\/www.alfergestion.com\\\/en\\\/vuelven-ayudas-contratacion-cam\\\/#primaryimage\",\"url\":\"https:\\\/\\\/www.alfergestion.com\\\/en\\\/wp-content\\\/uploads\\\/2023\\\/01\\\/Ayudas-contratacion-CAM.jpg\",\"contentUrl\":\"https:\\\/\\\/www.alfergestion.com\\\/en\\\/wp-content\\\/uploads\\\/2023\\\/01\\\/Ayudas-contratacion-CAM.jpg\",\"width\":583,\"height\":338},{\"@type\":\"BreadcrumbList\",\"@id\":\"https:\\\/\\\/www.alfergestion.com\\\/en\\\/vuelven-ayudas-contratacion-cam\\\/#breadcrumb\",\"itemListElement\":[{\"@type\":\"ListItem\",\"position\":1,\"name\":\"Portada\",\"item\":\"https:\\\/\\\/www.alfergestion.com\\\/en\\\/\"},{\"@type\":\"ListItem\",\"position\":2,\"name\":\"Vuelven las ayudas a la contrataci\u00f3n indefinida\"}]},{\"@type\":\"WebSite\",\"@id\":\"https:\\\/\\\/www.alfergestion.com\\\/en\\\/#website\",\"url\":\"https:\\\/\\\/www.alfergestion.com\\\/en\\\/\",\"name\":\"ALFER GESTION\",\"description\":\"asesoramiento integral a particulares, aut\u00f3nomos, pymes y empresas, mediante una atenci\u00f3n personalizada y eficiente a nuestros clientes.\",\"publisher\":{\"@id\":\"https:\\\/\\\/www.alfergestion.com\\\/en\\\/#organization\"},\"potentialAction\":[{\"@type\":\"SearchAction\",\"target\":{\"@type\":\"EntryPoint\",\"urlTemplate\":\"https:\\\/\\\/www.alfergestion.com\\\/en\\\/?s={search_term_string}\"},\"query-input\":{\"@type\":\"PropertyValueSpecification\",\"valueRequired\":true,\"valueName\":\"search_term_string\"}}],\"inLanguage\":\"es\"},{\"@type\":\"Organization\",\"@id\":\"https:\\\/\\\/www.alfergestion.com\\\/en\\\/#organization\",\"name\":\"ALFER GESTION\",\"url\":\"https:\\\/\\\/www.alfergestion.com\\\/en\\\/\",\"logo\":{\"@type\":\"ImageObject\",\"inLanguage\":\"es\",\"@id\":\"https:\\\/\\\/www.alfergestion.com\\\/en\\\/#\\\/schema\\\/logo\\\/image\\\/\",\"url\":\"https:\\\/\\\/www.alfergestion.com\\\/en\\\/wp-content\\\/uploads\\\/2023\\\/02\\\/alferGestion-logo.jpg\",\"contentUrl\":\"https:\\\/\\\/www.alfergestion.com\\\/en\\\/wp-content\\\/uploads\\\/2023\\\/02\\\/alferGestion-logo.jpg\",\"width\":141,\"height\":68,\"caption\":\"ALFER GESTION\"},\"image\":{\"@id\":\"https:\\\/\\\/www.alfergestion.com\\\/en\\\/#\\\/schema\\\/logo\\\/image\\\/\"},\"sameAs\":[\"https:\\\/\\\/www.facebook.com\\\/alfergestion\",\"https:\\\/\\\/x.com\\\/alfergestion\",\"https:\\\/\\\/www.linkedin.com\\\/company\\\/alfer-gestion\\\/\",\"https:\\\/\\\/www.instagram.com\\\/alfergestion\\\/\"]},{\"@type\":\"Person\",\"@id\":\"https:\\\/\\\/www.alfergestion.com\\\/en\\\/#\\\/schema\\\/person\\\/d3f322bf29ae439b372d4e705af4ae89\",\"name\":\"alferadmin\",\"image\":{\"@type\":\"ImageObject\",\"inLanguage\":\"es\",\"@id\":\"https:\\\/\\\/secure.gravatar.com\\\/avatar\\\/68e47f947b7f0f36522078aa6f917ca42807fa3fc361e79365243458d832b1aa?s=96&d=mm&r=g\",\"url\":\"https:\\\/\\\/secure.gravatar.com\\\/avatar\\\/68e47f947b7f0f36522078aa6f917ca42807fa3fc361e79365243458d832b1aa?s=96&d=mm&r=g\",\"contentUrl\":\"https:\\\/\\\/secure.gravatar.com\\\/avatar\\\/68e47f947b7f0f36522078aa6f917ca42807fa3fc361e79365243458d832b1aa?s=96&d=mm&r=g\",\"caption\":\"alferadmin\"},\"sameAs\":[\"http:\\\/\\\/new.alfergestion.com\"],\"url\":\"https:\\\/\\\/www.alfergestion.com\\\/en\\\/author\\\/alferadmin\\\/\"}]}<\/script>\n<!-- \/ Yoast SEO plugin. -->","yoast_head_json":{"title":"Vuelven las ayudas a la contrataci\u00f3n indefinida -","robots":{"index":"index","follow":"follow","max-snippet":"max-snippet:-1","max-image-preview":"max-image-preview:large","max-video-preview":"max-video-preview:-1"},"canonical":"https:\/\/www.alfergestion.com\/en\/vuelven-ayudas-contratacion-cam\/","og_locale":"es_ES","og_type":"article","og_title":"Vuelven las ayudas a la contrataci\u00f3n indefinida -","og_description":"Nuevo ejercicio, nuevo presupuesto: vuelven las ayudas de la Comunidad de Madrid a la contrataci\u00f3n indefinida: te traemos el resumen de las l\u00edneas que est\u00e1n abiertas para la solicitud de subvenci\u00f3n, y te informamos al completo en #alfergestion. Tambi\u00e9n puedes ampliar informaci\u00f3n a informaci\u00f3n completa en Ayudas e incentivos para el empleo de la Comunidad &hellip; Continue reading \"Vuelven las ayudas a la contrataci\u00f3n indefinida\"","og_url":"https:\/\/www.alfergestion.com\/en\/vuelven-ayudas-contratacion-cam\/","article_publisher":"https:\/\/www.facebook.com\/alfergestion","article_published_time":"2023-01-16T00:44:53+00:00","article_modified_time":"2023-04-07T01:59:11+00:00","og_image":[{"width":583,"height":338,"url":"https:\/\/www.alfergestion.com\/en\/wp-content\/uploads\/2023\/01\/Ayudas-contratacion-CAM.jpg","type":"image\/jpeg"}],"author":"alferadmin","twitter_card":"summary_large_image","twitter_creator":"@alfergestion","twitter_site":"@alfergestion","twitter_misc":{"Escrito por":"alferadmin","Tiempo de lectura":"1 minuto"},"schema":{"@context":"https:\/\/schema.org","@graph":[{"@type":"Article","@id":"https:\/\/www.alfergestion.com\/en\/vuelven-ayudas-contratacion-cam\/#article","isPartOf":{"@id":"https:\/\/www.alfergestion.com\/en\/vuelven-ayudas-contratacion-cam\/"},"author":{"name":"alferadmin","@id":"https:\/\/www.alfergestion.com\/en\/#\/schema\/person\/d3f322bf29ae439b372d4e705af4ae89"},"headline":"Vuelven las ayudas a la contrataci\u00f3n indefinida","datePublished":"2023-01-16T00:44:53+00:00","dateModified":"2023-04-07T01:59:11+00:00","mainEntityOfPage":{"@id":"https:\/\/www.alfergestion.com\/en\/vuelven-ayudas-contratacion-cam\/"},"wordCount":149,"commentCount":0,"publisher":{"@id":"https:\/\/www.alfergestion.com\/en\/#organization"},"image":{"@id":"https:\/\/www.alfergestion.com\/en\/vuelven-ayudas-contratacion-cam\/#primaryimage"},"thumbnailUrl":"https:\/\/www.alfergestion.com\/en\/wp-content\/uploads\/2023\/01\/Ayudas-contratacion-CAM.jpg","articleSection":["Actualidad","Fincas","Laboral","Noticias"],"inLanguage":"es","potentialAction":[{"@type":"CommentAction","name":"Comment","target":["https:\/\/www.alfergestion.com\/en\/vuelven-ayudas-contratacion-cam\/#respond"]}]},{"@type":"WebPage","@id":"https:\/\/www.alfergestion.com\/en\/vuelven-ayudas-contratacion-cam\/","url":"https:\/\/www.alfergestion.com\/en\/vuelven-ayudas-contratacion-cam\/","name":"Vuelven las ayudas a la contrataci\u00f3n indefinida -","isPartOf":{"@id":"https:\/\/www.alfergestion.com\/en\/#website"},"primaryImageOfPage":{"@id":"https:\/\/www.alfergestion.com\/en\/vuelven-ayudas-contratacion-cam\/#primaryimage"},"image":{"@id":"https:\/\/www.alfergestion.com\/en\/vuelven-ayudas-contratacion-cam\/#primaryimage"},"thumbnailUrl":"https:\/\/www.alfergestion.com\/en\/wp-content\/uploads\/2023\/01\/Ayudas-contratacion-CAM.jpg","datePublished":"2023-01-16T00:44:53+00:00","dateModified":"2023-04-07T01:59:11+00:00","breadcrumb":{"@id":"https:\/\/www.alfergestion.com\/en\/vuelven-ayudas-contratacion-cam\/#breadcrumb"},"inLanguage":"es","potentialAction":[{"@type":"ReadAction","target":["https:\/\/www.alfergestion.com\/en\/vuelven-ayudas-contratacion-cam\/"]}]},{"@type":"ImageObject","inLanguage":"es","@id":"https:\/\/www.alfergestion.com\/en\/vuelven-ayudas-contratacion-cam\/#primaryimage","url":"https:\/\/www.alfergestion.com\/en\/wp-content\/uploads\/2023\/01\/Ayudas-contratacion-CAM.jpg","contentUrl":"https:\/\/www.alfergestion.com\/en\/wp-content\/uploads\/2023\/01\/Ayudas-contratacion-CAM.jpg","width":583,"height":338},{"@type":"BreadcrumbList","@id":"https:\/\/www.alfergestion.com\/en\/vuelven-ayudas-contratacion-cam\/#breadcrumb","itemListElement":[{"@type":"ListItem","position":1,"name":"Portada","item":"https:\/\/www.alfergestion.com\/en\/"},{"@type":"ListItem","position":2,"name":"Vuelven las ayudas a la contrataci\u00f3n indefinida"}]},{"@type":"WebSite","@id":"https:\/\/www.alfergestion.com\/en\/#website","url":"https:\/\/www.alfergestion.com\/en\/","name":"ALFER GESTION","description":"asesoramiento integral a particulares, aut\u00f3nomos, pymes y empresas, mediante una atenci\u00f3n personalizada y eficiente a nuestros clientes.","publisher":{"@id":"https:\/\/www.alfergestion.com\/en\/#organization"},"potentialAction":[{"@type":"SearchAction","target":{"@type":"EntryPoint","urlTemplate":"https:\/\/www.alfergestion.com\/en\/?s={search_term_string}"},"query-input":{"@type":"PropertyValueSpecification","valueRequired":true,"valueName":"search_term_string"}}],"inLanguage":"es"},{"@type":"Organization","@id":"https:\/\/www.alfergestion.com\/en\/#organization","name":"ALFER GESTION","url":"https:\/\/www.alfergestion.com\/en\/","logo":{"@type":"ImageObject","inLanguage":"es","@id":"https:\/\/www.alfergestion.com\/en\/#\/schema\/logo\/image\/","url":"https:\/\/www.alfergestion.com\/en\/wp-content\/uploads\/2023\/02\/alferGestion-logo.jpg","contentUrl":"https:\/\/www.alfergestion.com\/en\/wp-content\/uploads\/2023\/02\/alferGestion-logo.jpg","width":141,"height":68,"caption":"ALFER GESTION"},"image":{"@id":"https:\/\/www.alfergestion.com\/en\/#\/schema\/logo\/image\/"},"sameAs":["https:\/\/www.facebook.com\/alfergestion","https:\/\/x.com\/alfergestion","https:\/\/www.linkedin.com\/company\/alfer-gestion\/","https:\/\/www.instagram.com\/alfergestion\/"]},{"@type":"Person","@id":"https:\/\/www.alfergestion.com\/en\/#\/schema\/person\/d3f322bf29ae439b372d4e705af4ae89","name":"alferadmin","image":{"@type":"ImageObject","inLanguage":"es","@id":"https:\/\/secure.gravatar.com\/avatar\/68e47f947b7f0f36522078aa6f917ca42807fa3fc361e79365243458d832b1aa?s=96&d=mm&r=g","url":"https:\/\/secure.gravatar.com\/avatar\/68e47f947b7f0f36522078aa6f917ca42807fa3fc361e79365243458d832b1aa?s=96&d=mm&r=g","contentUrl":"https:\/\/secure.gravatar.com\/avatar\/68e47f947b7f0f36522078aa6f917ca42807fa3fc361e79365243458d832b1aa?s=96&d=mm&r=g","caption":"alferadmin"},"sameAs":["http:\/\/new.alfergestion.com"],"url":"https:\/\/www.alfergestion.com\/en\/author\/alferadmin\/"}]}},"_links":{"self":[{"href":"https:\/\/www.alfergestion.com\/en\/wp-json\/wp\/v2\/posts\/362","targetHints":{"allow":["GET"]}}],"collection":[{"href":"https:\/\/www.alfergestion.com\/en\/wp-json\/wp\/v2\/posts"}],"about":[{"href":"https:\/\/www.alfergestion.com\/en\/wp-json\/wp\/v2\/types\/post"}],"author":[{"embeddable":true,"href":"https:\/\/www.alfergestion.com\/en\/wp-json\/wp\/v2\/users\/1"}],"replies":[{"embeddable":true,"href":"https:\/\/www.alfergestion.com\/en\/wp-json\/wp\/v2\/comments?post=362"}],"version-history":[{"count":2,"href":"https:\/\/www.alfergestion.com\/en\/wp-json\/wp\/v2\/posts\/362\/revisions"}],"predecessor-version":[{"id":385,"href":"https:\/\/www.alfergestion.com\/en\/wp-json\/wp\/v2\/posts\/362\/revisions\/385"}],"wp:featuredmedia":[{"embeddable":true,"href":"https:\/\/www.alfergestion.com\/en\/wp-json\/wp\/v2\/media\/384"}],"wp:attachment":[{"href":"https:\/\/www.alfergestion.com\/en\/wp-json\/wp\/v2\/media?parent=362"}],"wp:term":[{"taxonomy":"category","embeddable":true,"href":"https:\/\/www.alfergestion.com\/en\/wp-json\/wp\/v2\/categories?post=362"},{"taxonomy":"post_tag","embeddable":true,"href":"https:\/\/www.alfergestion.com\/en\/wp-json\/wp\/v2\/tags?post=362"}],"curies":[{"name":"wp","href":"https:\/\/api.w.org\/{rel}","templated":true}]}}