{"id":366,"date":"2023-02-28T00:51:38","date_gmt":"2023-02-28T00:51:38","guid":{"rendered":"https:\/\/new.alfergestion.com\/?p=366"},"modified":"2023-04-09T17:03:00","modified_gmt":"2023-04-09T17:03:00","slug":"primer-hito-nuevo-reta","status":"publish","type":"post","link":"https:\/\/www.alfergestion.com\/en\/primer-hito-nuevo-reta\/","title":{"rendered":"Primer hito del nuevo sistema de cotizaci\u00f3n para los aut\u00f3nomos"},"content":{"rendered":"<p>Llega el primer hito del nuevo sistema RETA: hasta hoy pueden comunicarse los ingresos previstos, y elegir en funci\u00f3n de ellos la base de cotizaci\u00f3n correspondiente al tramo en que se hallen comprendidos, y conforme a la que se pagar\u00e1 el 31,20% a partir del mes de marzo.<br \/>\nRese\u00f1amos de nuevo el enlace a la\u00a0<a title=\"Sistema de cotizaci\u00f3n para aut\u00f3nomos en 2023\" href=\"https:\/\/www.seg-social.es\/wps\/portal\/wss\/internet\/HerramientasWeb\/9d2fd4f1-ab0f-42a6-8d10-2e74b378ee24\/32023cb\">\u00abInformaci\u00f3n completa\u00bb<\/a>. Para desplegar la tabla de rendimientos y bases de cotizaci\u00f3n elegibles basta con pinchar en el ep\u00edgrafe Cotizaci\u00f3n basada en los rendimientos netos.<\/p>\n<p>&nbsp;<\/p>\n<p>Si a\u00fan no lo tienes claro, o los rendimientos cambiaran a lo largo del ejercicio, debes tener en cuenta que cada dos meses podr\u00e1 modificarse la base elegida, y que, finalmente, la TGSS regularizar\u00e1 conforme a los rendimientos reales de su actividad, declarados a la AEAT.<\/p>\n<p>&nbsp;<\/p>\n<p>Desde #alfergestion podemos asesorarte y ayudarte con todos estos tr\u00e1mites, como ya hemos hecho con nuestros clientes.<\/p>\n","protected":false},"excerpt":{"rendered":"<p>Llega el primer hito del nuevo sistema RETA: hasta hoy pueden comunicarse los ingresos previstos, y elegir en funci\u00f3n de ellos la base de cotizaci\u00f3n correspondiente al tramo en que se hallen comprendidos, y conforme a la que se pagar\u00e1 el 31,20% a partir del mes de marzo. Rese\u00f1amos de nuevo el enlace a la\u00a0\u00abInformaci\u00f3n &hellip; <a href=\"https:\/\/www.alfergestion.com\/en\/primer-hito-nuevo-reta\/\" class=\"more-link\">Continue reading<span class=\"screen-reader-text\"> \u00abPrimer hito del nuevo sistema de cotizaci\u00f3n para los aut\u00f3nomos\u00bb<\/span><\/a><\/p>\n","protected":false},"author":1,"featured_media":386,"comment_status":"open","ping_status":"open","sticky":false,"template":"","format":"standard","meta":{"_acf_changed":false,"footnotes":""},"categories":[7,5,4,6,1],"tags":[],"class_list":["post-366","post","type-post","status-publish","format-standard","has-post-thumbnail","hentry","category-actualidad","category-fincas","category-fiscal","category-laboral","category-noticias"],"acf":[],"yoast_head":"<!-- This site is optimized with the Yoast SEO plugin v27.5 - https:\/\/yoast.com\/product\/yoast-seo-wordpress\/ -->\n<title>Primer hito del nuevo sistema de cotizaci\u00f3n para los aut\u00f3nomos -<\/title>\n<meta name=\"robots\" content=\"index, follow, max-snippet:-1, max-image-preview:large, max-video-preview:-1\" \/>\n<link rel=\"canonical\" href=\"https:\/\/www.alfergestion.com\/en\/primer-hito-nuevo-reta\/\" \/>\n<meta property=\"og:locale\" content=\"es_ES\" \/>\n<meta property=\"og:type\" content=\"article\" \/>\n<meta property=\"og:title\" content=\"Primer hito del nuevo sistema de cotizaci\u00f3n para los aut\u00f3nomos -\" \/>\n<meta property=\"og:description\" content=\"Llega el primer hito del nuevo sistema RETA: hasta hoy pueden comunicarse los ingresos previstos, y elegir en funci\u00f3n de ellos la base de cotizaci\u00f3n correspondiente al tramo en que se hallen comprendidos, y conforme a la que se pagar\u00e1 el 31,20% a partir del mes de marzo. Rese\u00f1amos de nuevo el enlace a la\u00a0\u00abInformaci\u00f3n &hellip; Continue reading &quot;Primer hito del nuevo sistema de cotizaci\u00f3n para los aut\u00f3nomos&quot;\" \/>\n<meta property=\"og:url\" content=\"https:\/\/www.alfergestion.com\/en\/primer-hito-nuevo-reta\/\" \/>\n<meta property=\"article:publisher\" content=\"https:\/\/www.facebook.com\/alfergestion\" \/>\n<meta property=\"article:published_time\" content=\"2023-02-28T00:51:38+00:00\" \/>\n<meta property=\"article:modified_time\" content=\"2023-04-09T17:03:00+00:00\" \/>\n<meta property=\"og:image\" content=\"https:\/\/www.alfergestion.com\/en\/wp-content\/uploads\/2023\/02\/autonoma.jpeg\" \/>\n\t<meta property=\"og:image:width\" content=\"720\" \/>\n\t<meta property=\"og:image:height\" content=\"480\" \/>\n\t<meta property=\"og:image:type\" content=\"image\/jpeg\" \/>\n<meta name=\"author\" content=\"alferadmin\" \/>\n<meta name=\"twitter:card\" content=\"summary_large_image\" \/>\n<meta name=\"twitter:creator\" content=\"@alfergestion\" \/>\n<meta name=\"twitter:site\" content=\"@alfergestion\" \/>\n<meta name=\"twitter:label1\" content=\"Escrito por\" \/>\n\t<meta name=\"twitter:data1\" content=\"alferadmin\" \/>\n\t<meta name=\"twitter:label2\" content=\"Tiempo de lectura\" \/>\n\t<meta name=\"twitter:data2\" content=\"1 minuto\" \/>\n<script type=\"application\/ld+json\" class=\"yoast-schema-graph\">{\"@context\":\"https:\\\/\\\/schema.org\",\"@graph\":[{\"@type\":\"Article\",\"@id\":\"https:\\\/\\\/www.alfergestion.com\\\/en\\\/primer-hito-nuevo-reta\\\/#article\",\"isPartOf\":{\"@id\":\"https:\\\/\\\/www.alfergestion.com\\\/en\\\/primer-hito-nuevo-reta\\\/\"},\"author\":{\"name\":\"alferadmin\",\"@id\":\"https:\\\/\\\/www.alfergestion.com\\\/en\\\/#\\\/schema\\\/person\\\/d3f322bf29ae439b372d4e705af4ae89\"},\"headline\":\"Primer hito del nuevo sistema de cotizaci\u00f3n para los aut\u00f3nomos\",\"datePublished\":\"2023-02-28T00:51:38+00:00\",\"dateModified\":\"2023-04-09T17:03:00+00:00\",\"mainEntityOfPage\":{\"@id\":\"https:\\\/\\\/www.alfergestion.com\\\/en\\\/primer-hito-nuevo-reta\\\/\"},\"wordCount\":165,\"commentCount\":0,\"publisher\":{\"@id\":\"https:\\\/\\\/www.alfergestion.com\\\/en\\\/#organization\"},\"image\":{\"@id\":\"https:\\\/\\\/www.alfergestion.com\\\/en\\\/primer-hito-nuevo-reta\\\/#primaryimage\"},\"thumbnailUrl\":\"https:\\\/\\\/www.alfergestion.com\\\/en\\\/wp-content\\\/uploads\\\/2023\\\/02\\\/autonoma.jpeg\",\"articleSection\":[\"Actualidad\",\"Fincas\",\"Fiscal\",\"Laboral\",\"Noticias\"],\"inLanguage\":\"es\",\"potentialAction\":[{\"@type\":\"CommentAction\",\"name\":\"Comment\",\"target\":[\"https:\\\/\\\/www.alfergestion.com\\\/en\\\/primer-hito-nuevo-reta\\\/#respond\"]}]},{\"@type\":\"WebPage\",\"@id\":\"https:\\\/\\\/www.alfergestion.com\\\/en\\\/primer-hito-nuevo-reta\\\/\",\"url\":\"https:\\\/\\\/www.alfergestion.com\\\/en\\\/primer-hito-nuevo-reta\\\/\",\"name\":\"Primer hito del nuevo sistema de cotizaci\u00f3n para los aut\u00f3nomos -\",\"isPartOf\":{\"@id\":\"https:\\\/\\\/www.alfergestion.com\\\/en\\\/#website\"},\"primaryImageOfPage\":{\"@id\":\"https:\\\/\\\/www.alfergestion.com\\\/en\\\/primer-hito-nuevo-reta\\\/#primaryimage\"},\"image\":{\"@id\":\"https:\\\/\\\/www.alfergestion.com\\\/en\\\/primer-hito-nuevo-reta\\\/#primaryimage\"},\"thumbnailUrl\":\"https:\\\/\\\/www.alfergestion.com\\\/en\\\/wp-content\\\/uploads\\\/2023\\\/02\\\/autonoma.jpeg\",\"datePublished\":\"2023-02-28T00:51:38+00:00\",\"dateModified\":\"2023-04-09T17:03:00+00:00\",\"breadcrumb\":{\"@id\":\"https:\\\/\\\/www.alfergestion.com\\\/en\\\/primer-hito-nuevo-reta\\\/#breadcrumb\"},\"inLanguage\":\"es\",\"potentialAction\":[{\"@type\":\"ReadAction\",\"target\":[\"https:\\\/\\\/www.alfergestion.com\\\/en\\\/primer-hito-nuevo-reta\\\/\"]}]},{\"@type\":\"ImageObject\",\"inLanguage\":\"es\",\"@id\":\"https:\\\/\\\/www.alfergestion.com\\\/en\\\/primer-hito-nuevo-reta\\\/#primaryimage\",\"url\":\"https:\\\/\\\/www.alfergestion.com\\\/en\\\/wp-content\\\/uploads\\\/2023\\\/02\\\/autonoma.jpeg\",\"contentUrl\":\"https:\\\/\\\/www.alfergestion.com\\\/en\\\/wp-content\\\/uploads\\\/2023\\\/02\\\/autonoma.jpeg\",\"width\":720,\"height\":480},{\"@type\":\"BreadcrumbList\",\"@id\":\"https:\\\/\\\/www.alfergestion.com\\\/en\\\/primer-hito-nuevo-reta\\\/#breadcrumb\",\"itemListElement\":[{\"@type\":\"ListItem\",\"position\":1,\"name\":\"Portada\",\"item\":\"https:\\\/\\\/www.alfergestion.com\\\/en\\\/\"},{\"@type\":\"ListItem\",\"position\":2,\"name\":\"Primer hito del nuevo sistema de cotizaci\u00f3n para los aut\u00f3nomos\"}]},{\"@type\":\"WebSite\",\"@id\":\"https:\\\/\\\/www.alfergestion.com\\\/en\\\/#website\",\"url\":\"https:\\\/\\\/www.alfergestion.com\\\/en\\\/\",\"name\":\"ALFER GESTION\",\"description\":\"asesoramiento integral a particulares, aut\u00f3nomos, pymes y empresas, mediante una atenci\u00f3n personalizada y eficiente a nuestros clientes.\",\"publisher\":{\"@id\":\"https:\\\/\\\/www.alfergestion.com\\\/en\\\/#organization\"},\"potentialAction\":[{\"@type\":\"SearchAction\",\"target\":{\"@type\":\"EntryPoint\",\"urlTemplate\":\"https:\\\/\\\/www.alfergestion.com\\\/en\\\/?s={search_term_string}\"},\"query-input\":{\"@type\":\"PropertyValueSpecification\",\"valueRequired\":true,\"valueName\":\"search_term_string\"}}],\"inLanguage\":\"es\"},{\"@type\":\"Organization\",\"@id\":\"https:\\\/\\\/www.alfergestion.com\\\/en\\\/#organization\",\"name\":\"ALFER GESTION\",\"url\":\"https:\\\/\\\/www.alfergestion.com\\\/en\\\/\",\"logo\":{\"@type\":\"ImageObject\",\"inLanguage\":\"es\",\"@id\":\"https:\\\/\\\/www.alfergestion.com\\\/en\\\/#\\\/schema\\\/logo\\\/image\\\/\",\"url\":\"https:\\\/\\\/www.alfergestion.com\\\/en\\\/wp-content\\\/uploads\\\/2023\\\/02\\\/alferGestion-logo.jpg\",\"contentUrl\":\"https:\\\/\\\/www.alfergestion.com\\\/en\\\/wp-content\\\/uploads\\\/2023\\\/02\\\/alferGestion-logo.jpg\",\"width\":141,\"height\":68,\"caption\":\"ALFER GESTION\"},\"image\":{\"@id\":\"https:\\\/\\\/www.alfergestion.com\\\/en\\\/#\\\/schema\\\/logo\\\/image\\\/\"},\"sameAs\":[\"https:\\\/\\\/www.facebook.com\\\/alfergestion\",\"https:\\\/\\\/x.com\\\/alfergestion\",\"https:\\\/\\\/www.linkedin.com\\\/company\\\/alfer-gestion\\\/\",\"https:\\\/\\\/www.instagram.com\\\/alfergestion\\\/\"]},{\"@type\":\"Person\",\"@id\":\"https:\\\/\\\/www.alfergestion.com\\\/en\\\/#\\\/schema\\\/person\\\/d3f322bf29ae439b372d4e705af4ae89\",\"name\":\"alferadmin\",\"image\":{\"@type\":\"ImageObject\",\"inLanguage\":\"es\",\"@id\":\"https:\\\/\\\/secure.gravatar.com\\\/avatar\\\/68e47f947b7f0f36522078aa6f917ca42807fa3fc361e79365243458d832b1aa?s=96&d=mm&r=g\",\"url\":\"https:\\\/\\\/secure.gravatar.com\\\/avatar\\\/68e47f947b7f0f36522078aa6f917ca42807fa3fc361e79365243458d832b1aa?s=96&d=mm&r=g\",\"contentUrl\":\"https:\\\/\\\/secure.gravatar.com\\\/avatar\\\/68e47f947b7f0f36522078aa6f917ca42807fa3fc361e79365243458d832b1aa?s=96&d=mm&r=g\",\"caption\":\"alferadmin\"},\"sameAs\":[\"http:\\\/\\\/new.alfergestion.com\"],\"url\":\"https:\\\/\\\/www.alfergestion.com\\\/en\\\/author\\\/alferadmin\\\/\"}]}<\/script>\n<!-- \/ Yoast SEO plugin. -->","yoast_head_json":{"title":"Primer hito del nuevo sistema de cotizaci\u00f3n para los aut\u00f3nomos -","robots":{"index":"index","follow":"follow","max-snippet":"max-snippet:-1","max-image-preview":"max-image-preview:large","max-video-preview":"max-video-preview:-1"},"canonical":"https:\/\/www.alfergestion.com\/en\/primer-hito-nuevo-reta\/","og_locale":"es_ES","og_type":"article","og_title":"Primer hito del nuevo sistema de cotizaci\u00f3n para los aut\u00f3nomos -","og_description":"Llega el primer hito del nuevo sistema RETA: hasta hoy pueden comunicarse los ingresos previstos, y elegir en funci\u00f3n de ellos la base de cotizaci\u00f3n correspondiente al tramo en que se hallen comprendidos, y conforme a la que se pagar\u00e1 el 31,20% a partir del mes de marzo. Rese\u00f1amos de nuevo el enlace a la\u00a0\u00abInformaci\u00f3n &hellip; Continue reading \"Primer hito del nuevo sistema de cotizaci\u00f3n para los aut\u00f3nomos\"","og_url":"https:\/\/www.alfergestion.com\/en\/primer-hito-nuevo-reta\/","article_publisher":"https:\/\/www.facebook.com\/alfergestion","article_published_time":"2023-02-28T00:51:38+00:00","article_modified_time":"2023-04-09T17:03:00+00:00","og_image":[{"width":720,"height":480,"url":"https:\/\/www.alfergestion.com\/en\/wp-content\/uploads\/2023\/02\/autonoma.jpeg","type":"image\/jpeg"}],"author":"alferadmin","twitter_card":"summary_large_image","twitter_creator":"@alfergestion","twitter_site":"@alfergestion","twitter_misc":{"Escrito por":"alferadmin","Tiempo de lectura":"1 minuto"},"schema":{"@context":"https:\/\/schema.org","@graph":[{"@type":"Article","@id":"https:\/\/www.alfergestion.com\/en\/primer-hito-nuevo-reta\/#article","isPartOf":{"@id":"https:\/\/www.alfergestion.com\/en\/primer-hito-nuevo-reta\/"},"author":{"name":"alferadmin","@id":"https:\/\/www.alfergestion.com\/en\/#\/schema\/person\/d3f322bf29ae439b372d4e705af4ae89"},"headline":"Primer hito del nuevo sistema de cotizaci\u00f3n para los aut\u00f3nomos","datePublished":"2023-02-28T00:51:38+00:00","dateModified":"2023-04-09T17:03:00+00:00","mainEntityOfPage":{"@id":"https:\/\/www.alfergestion.com\/en\/primer-hito-nuevo-reta\/"},"wordCount":165,"commentCount":0,"publisher":{"@id":"https:\/\/www.alfergestion.com\/en\/#organization"},"image":{"@id":"https:\/\/www.alfergestion.com\/en\/primer-hito-nuevo-reta\/#primaryimage"},"thumbnailUrl":"https:\/\/www.alfergestion.com\/en\/wp-content\/uploads\/2023\/02\/autonoma.jpeg","articleSection":["Actualidad","Fincas","Fiscal","Laboral","Noticias"],"inLanguage":"es","potentialAction":[{"@type":"CommentAction","name":"Comment","target":["https:\/\/www.alfergestion.com\/en\/primer-hito-nuevo-reta\/#respond"]}]},{"@type":"WebPage","@id":"https:\/\/www.alfergestion.com\/en\/primer-hito-nuevo-reta\/","url":"https:\/\/www.alfergestion.com\/en\/primer-hito-nuevo-reta\/","name":"Primer hito del nuevo sistema de cotizaci\u00f3n para los aut\u00f3nomos -","isPartOf":{"@id":"https:\/\/www.alfergestion.com\/en\/#website"},"primaryImageOfPage":{"@id":"https:\/\/www.alfergestion.com\/en\/primer-hito-nuevo-reta\/#primaryimage"},"image":{"@id":"https:\/\/www.alfergestion.com\/en\/primer-hito-nuevo-reta\/#primaryimage"},"thumbnailUrl":"https:\/\/www.alfergestion.com\/en\/wp-content\/uploads\/2023\/02\/autonoma.jpeg","datePublished":"2023-02-28T00:51:38+00:00","dateModified":"2023-04-09T17:03:00+00:00","breadcrumb":{"@id":"https:\/\/www.alfergestion.com\/en\/primer-hito-nuevo-reta\/#breadcrumb"},"inLanguage":"es","potentialAction":[{"@type":"ReadAction","target":["https:\/\/www.alfergestion.com\/en\/primer-hito-nuevo-reta\/"]}]},{"@type":"ImageObject","inLanguage":"es","@id":"https:\/\/www.alfergestion.com\/en\/primer-hito-nuevo-reta\/#primaryimage","url":"https:\/\/www.alfergestion.com\/en\/wp-content\/uploads\/2023\/02\/autonoma.jpeg","contentUrl":"https:\/\/www.alfergestion.com\/en\/wp-content\/uploads\/2023\/02\/autonoma.jpeg","width":720,"height":480},{"@type":"BreadcrumbList","@id":"https:\/\/www.alfergestion.com\/en\/primer-hito-nuevo-reta\/#breadcrumb","itemListElement":[{"@type":"ListItem","position":1,"name":"Portada","item":"https:\/\/www.alfergestion.com\/en\/"},{"@type":"ListItem","position":2,"name":"Primer hito del nuevo sistema de cotizaci\u00f3n para los aut\u00f3nomos"}]},{"@type":"WebSite","@id":"https:\/\/www.alfergestion.com\/en\/#website","url":"https:\/\/www.alfergestion.com\/en\/","name":"ALFER GESTION","description":"asesoramiento integral a particulares, aut\u00f3nomos, pymes y empresas, mediante una atenci\u00f3n personalizada y eficiente a nuestros clientes.","publisher":{"@id":"https:\/\/www.alfergestion.com\/en\/#organization"},"potentialAction":[{"@type":"SearchAction","target":{"@type":"EntryPoint","urlTemplate":"https:\/\/www.alfergestion.com\/en\/?s={search_term_string}"},"query-input":{"@type":"PropertyValueSpecification","valueRequired":true,"valueName":"search_term_string"}}],"inLanguage":"es"},{"@type":"Organization","@id":"https:\/\/www.alfergestion.com\/en\/#organization","name":"ALFER GESTION","url":"https:\/\/www.alfergestion.com\/en\/","logo":{"@type":"ImageObject","inLanguage":"es","@id":"https:\/\/www.alfergestion.com\/en\/#\/schema\/logo\/image\/","url":"https:\/\/www.alfergestion.com\/en\/wp-content\/uploads\/2023\/02\/alferGestion-logo.jpg","contentUrl":"https:\/\/www.alfergestion.com\/en\/wp-content\/uploads\/2023\/02\/alferGestion-logo.jpg","width":141,"height":68,"caption":"ALFER GESTION"},"image":{"@id":"https:\/\/www.alfergestion.com\/en\/#\/schema\/logo\/image\/"},"sameAs":["https:\/\/www.facebook.com\/alfergestion","https:\/\/x.com\/alfergestion","https:\/\/www.linkedin.com\/company\/alfer-gestion\/","https:\/\/www.instagram.com\/alfergestion\/"]},{"@type":"Person","@id":"https:\/\/www.alfergestion.com\/en\/#\/schema\/person\/d3f322bf29ae439b372d4e705af4ae89","name":"alferadmin","image":{"@type":"ImageObject","inLanguage":"es","@id":"https:\/\/secure.gravatar.com\/avatar\/68e47f947b7f0f36522078aa6f917ca42807fa3fc361e79365243458d832b1aa?s=96&d=mm&r=g","url":"https:\/\/secure.gravatar.com\/avatar\/68e47f947b7f0f36522078aa6f917ca42807fa3fc361e79365243458d832b1aa?s=96&d=mm&r=g","contentUrl":"https:\/\/secure.gravatar.com\/avatar\/68e47f947b7f0f36522078aa6f917ca42807fa3fc361e79365243458d832b1aa?s=96&d=mm&r=g","caption":"alferadmin"},"sameAs":["http:\/\/new.alfergestion.com"],"url":"https:\/\/www.alfergestion.com\/en\/author\/alferadmin\/"}]}},"_links":{"self":[{"href":"https:\/\/www.alfergestion.com\/en\/wp-json\/wp\/v2\/posts\/366","targetHints":{"allow":["GET"]}}],"collection":[{"href":"https:\/\/www.alfergestion.com\/en\/wp-json\/wp\/v2\/posts"}],"about":[{"href":"https:\/\/www.alfergestion.com\/en\/wp-json\/wp\/v2\/types\/post"}],"author":[{"embeddable":true,"href":"https:\/\/www.alfergestion.com\/en\/wp-json\/wp\/v2\/users\/1"}],"replies":[{"embeddable":true,"href":"https:\/\/www.alfergestion.com\/en\/wp-json\/wp\/v2\/comments?post=366"}],"version-history":[{"count":2,"href":"https:\/\/www.alfergestion.com\/en\/wp-json\/wp\/v2\/posts\/366\/revisions"}],"predecessor-version":[{"id":368,"href":"https:\/\/www.alfergestion.com\/en\/wp-json\/wp\/v2\/posts\/366\/revisions\/368"}],"wp:featuredmedia":[{"embeddable":true,"href":"https:\/\/www.alfergestion.com\/en\/wp-json\/wp\/v2\/media\/386"}],"wp:attachment":[{"href":"https:\/\/www.alfergestion.com\/en\/wp-json\/wp\/v2\/media?parent=366"}],"wp:term":[{"taxonomy":"category","embeddable":true,"href":"https:\/\/www.alfergestion.com\/en\/wp-json\/wp\/v2\/categories?post=366"},{"taxonomy":"post_tag","embeddable":true,"href":"https:\/\/www.alfergestion.com\/en\/wp-json\/wp\/v2\/tags?post=366"}],"curies":[{"name":"wp","href":"https:\/\/api.w.org\/{rel}","templated":true}]}}